{"id":7485,"date":"2022-06-08T15:34:06","date_gmt":"2022-06-08T15:34:06","guid":{"rendered":"http:\/\/www.radiolimari.cl\/?p=7485"},"modified":"2022-06-08T15:34:06","modified_gmt":"2022-06-08T15:34:06","slug":"reporte-hidrico-de-aguas-del-valle-aumentan-reservas-de-nieve-pero-situacion-de-megasequia-se-mantiene","status":"publish","type":"post","link":"https:\/\/www.radiolimari.cl\/?p=7485","title":{"rendered":"Reporte h\u00eddrico de Aguas del Valle: aumentan reservas de nieve, pero situaci\u00f3n de megasequ\u00eda se mantiene"},"content":{"rendered":"<p><a href=\"https:\/\/www.radiolimari.cl\/wp-content\/uploads\/2022\/06\/8.6-Reporte-H\u00eddrico-ADV-Junio-2022-Gr\u00e1fico.jpeg\"><img fetchpriority=\"high\" decoding=\"async\" class=\"alignnone size-medium wp-image-7486\" src=\"https:\/\/www.radiolimari.cl\/wp-content\/uploads\/2022\/06\/8.6-Reporte-H\u00eddrico-ADV-Junio-2022-Gr\u00e1fico-300x300.jpeg\" alt=\"8.6 Reporte H\u00eddrico ADV - Junio 2022 - Gr\u00e1fico\" width=\"300\" height=\"300\" srcset=\"https:\/\/www.radiolimari.cl\/wp-content\/uploads\/2022\/06\/8.6-Reporte-H\u00eddrico-ADV-Junio-2022-Gr\u00e1fico-300x300.jpeg 300w, https:\/\/www.radiolimari.cl\/wp-content\/uploads\/2022\/06\/8.6-Reporte-H\u00eddrico-ADV-Junio-2022-Gr\u00e1fico-150x150.jpeg 150w, https:\/\/www.radiolimari.cl\/wp-content\/uploads\/2022\/06\/8.6-Reporte-H\u00eddrico-ADV-Junio-2022-Gr\u00e1fico-1024x1024.jpeg 1024w, https:\/\/www.radiolimari.cl\/wp-content\/uploads\/2022\/06\/8.6-Reporte-H\u00eddrico-ADV-Junio-2022-Gr\u00e1fico-70x70.jpeg 70w, https:\/\/www.radiolimari.cl\/wp-content\/uploads\/2022\/06\/8.6-Reporte-H\u00eddrico-ADV-Junio-2022-Gr\u00e1fico.jpeg 1280w\" sizes=\"(max-width: 300px) 100vw, 300px\" \/><\/a><\/p>\n<ul>\n<li>Los embalses La Paloma con un 11,2% en el Limar\u00ed\u00a0 y Puclaro con un 23,5%\u00a0 en El Elqui siguen disminuyendo progresivamente su nivel; y pese a un leve repunte gracias a las lluvias, el embalse El Bato en la provincia del Choapa, s\u00f3lo alcanza un 5,8% de su capacidad total.<\/li>\n<\/ul>\n<p><!--more--><\/p>\n<p>Pese a que dos sistemas frontales llegaron hasta la Regi\u00f3n de Coquimbo durante la semana pasada, los indicadores de precipitaciones y agua embalsada tuvieron solo variaciones leves. Los \u00edndices de acumulaci\u00f3n de nieve aumentaron considerablemente, pero el d\u00e9ficit supera el 70%.<\/p>\n<p>\u201cLas precipitaciones de agua y nieve siempre son bienvenidas, m\u00e1s a\u00fan cuando desde hace m\u00e1s de una d\u00e9cada estamos viviendo una situaci\u00f3n de sequ\u00eda extrema. Y es cierto que las pocas lluvias que cayeron durante la semana pasada y la gran cantidad de nieve en la cordillera nos llenan de esperanza, pero lo cierto es que son insuficientes para dejar la condici\u00f3n de crisis h\u00eddrica que nos afecta\u201d, sostuvo el gerente regional de Aguas del Valle , Andr\u00e9s Nazer.<\/p>\n<p>En ese contexto, Nazer, explic\u00f3 que \u201cseguimos trabajando para que a nadie la falte el agua producto de la sequ\u00eda. Continuamos ejecutando nuestro plan de reforzamiento del sistema de producci\u00f3n de agua potable para consumo humano con la construcci\u00f3n de nuevo pozos y sondajes, adem\u00e1s de las gestiones y acuerdos con todos los actores de la cuenca, acciones fundamentales para evitar el racionamiento en la conurbaci\u00f3n\u201d.<\/p>\n<p><strong>Indicadores<\/strong><\/p>\n<p>El nuevo reporte h\u00eddrico de Aguas del Valle (actualizado al 6 de junio) indica que las precipitaciones siguen en d\u00e9ficit con -98,5% en La Serena (0,3 mm acumulados); en la comuna de Illapel -94,9% (4,4 mm); y Combarbal\u00e1 -95,8% (4,0 mm).<\/p>\n<p>Respecto de la cantidad de agua embalsada, en la provincia de Elqui, Puclaro cuenta con un 23,5% de su capacidad total; en Limar\u00ed, La Paloma llega s\u00f3lo al 11,2%; mientras que en Choapa, la situaci\u00f3n m\u00e1s cr\u00edtica sigue siendo el embalse El Bato, con un 5,8%.<\/p>\n<p>En cuanto a la nieve, la Estaci\u00f3n Vega Negra, en la cordillera de la provincia de Limar\u00ed, registra un d\u00e9ficit del -78,7% respecto a su promedio anual hist\u00f3rico, con 81 cm acumulados.<\/p>\n<p>&nbsp;<\/p>\n<p>&nbsp;<\/p>\n","protected":false},"excerpt":{"rendered":"<p>Los embalses La Paloma con un 11,2% en el Limar\u00ed\u00a0 y Puclaro con un 23,5%\u00a0 en El Elqui siguen disminuyendo progresivamente su nivel; y pese a un leve repunte gracias a las lluvias, el embalse El Bato en la provincia del Choapa, s\u00f3lo alcanza un 5,8% de su capacidad total.<\/p>\n","protected":false},"author":2,"featured_media":7486,"comment_status":"open","ping_status":"open","sticky":false,"template":"","format":"standard","meta":{"footnotes":""},"categories":[6],"tags":[],"class_list":["post-7485","post","type-post","status-publish","format-standard","has-post-thumbnail","hentry","category-regionales"],"_links":{"self":[{"href":"https:\/\/www.radiolimari.cl\/index.php?rest_route=\/wp\/v2\/posts\/7485","targetHints":{"allow":["GET"]}}],"collection":[{"href":"https:\/\/www.radiolimari.cl\/index.php?rest_route=\/wp\/v2\/posts"}],"about":[{"href":"https:\/\/www.radiolimari.cl\/index.php?rest_route=\/wp\/v2\/types\/post"}],"author":[{"embeddable":true,"href":"https:\/\/www.radiolimari.cl\/index.php?rest_route=\/wp\/v2\/users\/2"}],"replies":[{"embeddable":true,"href":"https:\/\/www.radiolimari.cl\/index.php?rest_route=%2Fwp%2Fv2%2Fcomments&post=7485"}],"version-history":[{"count":1,"href":"https:\/\/www.radiolimari.cl\/index.php?rest_route=\/wp\/v2\/posts\/7485\/revisions"}],"predecessor-version":[{"id":7487,"href":"https:\/\/www.radiolimari.cl\/index.php?rest_route=\/wp\/v2\/posts\/7485\/revisions\/7487"}],"wp:featuredmedia":[{"embeddable":true,"href":"https:\/\/www.radiolimari.cl\/index.php?rest_route=\/wp\/v2\/media\/7486"}],"wp:attachment":[{"href":"https:\/\/www.radiolimari.cl\/index.php?rest_route=%2Fwp%2Fv2%2Fmedia&parent=7485"}],"wp:term":[{"taxonomy":"category","embeddable":true,"href":"https:\/\/www.radiolimari.cl\/index.php?rest_route=%2Fwp%2Fv2%2Fcategories&post=7485"},{"taxonomy":"post_tag","embeddable":true,"href":"https:\/\/www.radiolimari.cl\/index.php?rest_route=%2Fwp%2Fv2%2Ftags&post=7485"}],"curies":[{"name":"wp","href":"https:\/\/api.w.org\/{rel}","templated":true}]}}