{"id":7479,"date":"2022-06-06T19:22:53","date_gmt":"2022-06-06T19:22:53","guid":{"rendered":"http:\/\/www.radiolimari.cl\/?p=7479"},"modified":"2022-06-06T19:22:53","modified_gmt":"2022-06-06T19:22:53","slug":"se-inicia-juicio-oral-por-homicidio-frustrado-detencion-ilegal-y-falsificacion-de-instrumento-publico-en-el-marco-del-estallido-social","status":"publish","type":"post","link":"https:\/\/www.radiolimari.cl\/?p=7479","title":{"rendered":"Se inicia juicio oral por homicidio frustrado, detenci\u00f3n ilegal y falsificaci\u00f3n de instrumento p\u00fablico en el marco del estallido social"},"content":{"rendered":"<p><a href=\"https:\/\/www.radiolimari.cl\/wp-content\/uploads\/2022\/06\/top-ovalle.jpg\"><img fetchpriority=\"high\" decoding=\"async\" class=\"alignnone size-medium wp-image-7480\" src=\"https:\/\/www.radiolimari.cl\/wp-content\/uploads\/2022\/06\/top-ovalle-300x168.jpg\" alt=\"top ovalle\" width=\"300\" height=\"168\" srcset=\"https:\/\/www.radiolimari.cl\/wp-content\/uploads\/2022\/06\/top-ovalle-300x168.jpg 300w, https:\/\/www.radiolimari.cl\/wp-content\/uploads\/2022\/06\/top-ovalle-1024x573.jpg 1024w\" sizes=\"(max-width: 300px) 100vw, 300px\" \/><\/a><\/p>\n<p>El Tribunal de Juicio Oral en lo Penal comenz\u00f3 hoy \u2013lunes 6 de junio- el juicio oral contra el capit\u00e1n de Carabineros H.R.N.C. acusado por el Ministerio P\u00fablico, con la adhesi\u00f3n del INDH y de la defensa de la v\u00edctima, como autor de los delitos consumados de homicidio frustrado, detenci\u00f3n ilegal y falsificaci\u00f3n de instrumento p\u00fablico. Il\u00edcitos que habr\u00eda sido perpetrados en octubre de 2019, en la comuna de Ovalle<!--more--><\/p>\n<p>En la primera jornada del juicio (causa rol 50-2020), el tribunal \u2013integrado por los magistrados Rub\u00e9n Bustos Ortiz (presidente), Lilian Tapia Carvajal (redactora) y Nury Benavides Retamal\u2013 ley\u00f3 la acusaci\u00f3n fiscal que sindica al acusado como autor de los il\u00edcitos, para luego dar paso a los alegatos de apertura de todos los intervinientes.<\/p>\n<p>Seg\u00fan la acusaci\u00f3n fiscal, aproximadamente a las 21.05 horas del 19 de octubre de 2019, en la v\u00eda p\u00fablica, el imputado se encontraba de servicio y con la finalidad de castigar a la v\u00edctima a B.M.H.E. por desafiar su autoridad, forceje\u00f3, redujo e inmoviliz\u00f3, para luego dispararle a corta distancia con su arma de servicio, hiri\u00e9ndolo en la zona inguinop\u00e9lvica. Herido, a B.M.H.E. fue aprehendido y trasladado por funcionarios de Carabineros, quienes lo arrastraron, golpearon con pies y pu\u00f1os, jalaron el pelo hasta ingresarlo al calabozo de la Tercera Comisar\u00eda de Ovalle. Posteriormente, el imputado orden\u00f3 a un subalterno confeccionar un parte policial dando cuenta a la fiscal\u00eda de la detenci\u00f3n de B.M.H.E. por el delito de maltrato de obra a Carabineros.<\/p>\n<p>A consecuencia del disparo, la v\u00edctima result\u00f3 con una fractura de pubis derecho sin salida de proyectil, cl\u00ednicamente de car\u00e1cter grave. Herida de tipo homicida y necesariamente mortal sin socorro oportuno. Adem\u00e1s de otras lesiones de car\u00e1cter leve por elemento contundente.<\/p>\n<p>Posteriormente, durante la noche, H.R.N.C. orden\u00f3 a un sargento 2\u00b0 confeccionar el parte policial que da cuenta a la fiscal\u00eda de la detenci\u00f3n de la v\u00edctima por un delito de maltrato de obra a Carabineros, detenci\u00f3n que resultaba ilegal y arbitraria al no existir ning\u00fan hecho constitutivo de delito posible de atribuir.<\/p>\n<p>La audiencia continuar\u00e1 este martes 7 de junio, y est\u00e1 programada que se extienda por once d\u00edas con la declaraci\u00f3n de m\u00e1s de 30 testigos.<\/p>\n","protected":false},"excerpt":{"rendered":"<p>El Tribunal de Juicio Oral en lo Penal comenz\u00f3 hoy \u2013lunes 6 de junio- el juicio oral contra el capit\u00e1n de Carabineros H.R.N.C. acusado por el Ministerio P\u00fablico, con la adhesi\u00f3n del INDH y de la defensa de la v\u00edctima, como autor de los delitos consumados de homicidio frustrado, detenci\u00f3n ilegal y falsificaci\u00f3n de instrumento &#8230;<\/p>\n","protected":false},"author":2,"featured_media":7480,"comment_status":"open","ping_status":"open","sticky":false,"template":"","format":"standard","meta":{"footnotes":""},"categories":[6],"tags":[],"class_list":["post-7479","post","type-post","status-publish","format-standard","has-post-thumbnail","hentry","category-regionales"],"_links":{"self":[{"href":"https:\/\/www.radiolimari.cl\/index.php?rest_route=\/wp\/v2\/posts\/7479","targetHints":{"allow":["GET"]}}],"collection":[{"href":"https:\/\/www.radiolimari.cl\/index.php?rest_route=\/wp\/v2\/posts"}],"about":[{"href":"https:\/\/www.radiolimari.cl\/index.php?rest_route=\/wp\/v2\/types\/post"}],"author":[{"embeddable":true,"href":"https:\/\/www.radiolimari.cl\/index.php?rest_route=\/wp\/v2\/users\/2"}],"replies":[{"embeddable":true,"href":"https:\/\/www.radiolimari.cl\/index.php?rest_route=%2Fwp%2Fv2%2Fcomments&post=7479"}],"version-history":[{"count":1,"href":"https:\/\/www.radiolimari.cl\/index.php?rest_route=\/wp\/v2\/posts\/7479\/revisions"}],"predecessor-version":[{"id":7481,"href":"https:\/\/www.radiolimari.cl\/index.php?rest_route=\/wp\/v2\/posts\/7479\/revisions\/7481"}],"wp:featuredmedia":[{"embeddable":true,"href":"https:\/\/www.radiolimari.cl\/index.php?rest_route=\/wp\/v2\/media\/7480"}],"wp:attachment":[{"href":"https:\/\/www.radiolimari.cl\/index.php?rest_route=%2Fwp%2Fv2%2Fmedia&parent=7479"}],"wp:term":[{"taxonomy":"category","embeddable":true,"href":"https:\/\/www.radiolimari.cl\/index.php?rest_route=%2Fwp%2Fv2%2Fcategories&post=7479"},{"taxonomy":"post_tag","embeddable":true,"href":"https:\/\/www.radiolimari.cl\/index.php?rest_route=%2Fwp%2Fv2%2Ftags&post=7479"}],"curies":[{"name":"wp","href":"https:\/\/api.w.org\/{rel}","templated":true}]}}