{"id":7474,"date":"2022-06-06T16:39:35","date_gmt":"2022-06-06T16:39:35","guid":{"rendered":"http:\/\/www.radiolimari.cl\/?p=7474"},"modified":"2022-06-06T16:39:35","modified_gmt":"2022-06-06T16:39:35","slug":"ceaza-informa-sobre-balance-de-nieve-caida-en-los-ultimos-sistemas-frontales","status":"publish","type":"post","link":"https:\/\/www.radiolimari.cl\/?p=7474","title":{"rendered":"CEAZA informa sobre balance de nieve ca\u00edda en los \u00faltimos sistemas frontales"},"content":{"rendered":"<p><a href=\"https:\/\/www.radiolimari.cl\/wp-content\/uploads\/2022\/05\/camino-rural.jpg\"><img fetchpriority=\"high\" decoding=\"async\" class=\"alignnone size-medium wp-image-7316\" src=\"https:\/\/www.radiolimari.cl\/wp-content\/uploads\/2022\/05\/camino-rural-300x225.jpg\" alt=\"camino rural\" width=\"300\" height=\"225\" srcset=\"https:\/\/www.radiolimari.cl\/wp-content\/uploads\/2022\/05\/camino-rural-300x225.jpg 300w, https:\/\/www.radiolimari.cl\/wp-content\/uploads\/2022\/05\/camino-rural.jpg 778w\" sizes=\"(max-width: 300px) 100vw, 300px\" \/><\/a><\/p>\n<p>En la Provincia de Limari\u00a0<span style=\"color: #000000;\">en la Estaci\u00f3n Tascadero, se registraron 86 cm de nieve<\/span><!--more--><\/p>\n<p style=\"font-weight: 600; color: #000000;\">El \u00e1rea meteorol\u00f3gica del CEAZA informa que el sistema frontal ocurrido este fin de semana provoc\u00f3 precipitaciones de nieve principalmente en la cordillera de las provincias de Elqui, Limar\u00ed y Choapa. Mientras que las lluvias s\u00f3lo se registraron en en Limar\u00ed y Choapa.<\/p>\n<p style=\"font-weight: 600; color: #000000;\">\u201cLa acumulaci\u00f3n de nieve desde el 1 de junio da cuenta que en la provincia de Elqui cay\u00f3 1 metro de nieve en la Estaci\u00f3n Los Corrales, mientras que en Limar\u00ed en la Estaci\u00f3n Tascadero, se registraron 86 cm y en Choapa en la Estaci\u00f3n Casa del Canto se registraron 71 cm\u201d, detalla Cristian Mu\u00f1oz, modelador estad\u00edstico de geociencias del Centro Cient\u00edfico CEAZA.<\/p>\n<p style=\"font-weight: 600; color: #000000;\">\u201cEsta nieve se ha estado derritiendo provocando que a las 08:00 de la ma\u00f1ana de hoy lunes 6 de junio,\u00a0 se registren 42 cm en Los Corrales , 55 cm en Tascadero y 40 cm en Choapa\u201d, indica.<\/p>\n<p style=\"font-weight: 600; color: #000000;\">Respecto a las lluvias, los montos m\u00e1s altos de los sistemas frontales del fin de semana se registraron\u00a0 en las provincias de Limar\u00ed (4 mm en Los Molles) y Choapa (8,5 mm en Mincha y 7,4 mm en Quilimar\u00ed y Huentelauqu\u00e9n).<\/p>\n","protected":false},"excerpt":{"rendered":"<p>En la Provincia de Limari\u00a0en la Estaci\u00f3n Tascadero, se registraron 86 cm de nieve<\/p>\n","protected":false},"author":2,"featured_media":7316,"comment_status":"open","ping_status":"open","sticky":false,"template":"","format":"standard","meta":{"footnotes":""},"categories":[6],"tags":[],"class_list":["post-7474","post","type-post","status-publish","format-standard","has-post-thumbnail","hentry","category-regionales"],"_links":{"self":[{"href":"https:\/\/www.radiolimari.cl\/index.php?rest_route=\/wp\/v2\/posts\/7474","targetHints":{"allow":["GET"]}}],"collection":[{"href":"https:\/\/www.radiolimari.cl\/index.php?rest_route=\/wp\/v2\/posts"}],"about":[{"href":"https:\/\/www.radiolimari.cl\/index.php?rest_route=\/wp\/v2\/types\/post"}],"author":[{"embeddable":true,"href":"https:\/\/www.radiolimari.cl\/index.php?rest_route=\/wp\/v2\/users\/2"}],"replies":[{"embeddable":true,"href":"https:\/\/www.radiolimari.cl\/index.php?rest_route=%2Fwp%2Fv2%2Fcomments&post=7474"}],"version-history":[{"count":1,"href":"https:\/\/www.radiolimari.cl\/index.php?rest_route=\/wp\/v2\/posts\/7474\/revisions"}],"predecessor-version":[{"id":7475,"href":"https:\/\/www.radiolimari.cl\/index.php?rest_route=\/wp\/v2\/posts\/7474\/revisions\/7475"}],"wp:featuredmedia":[{"embeddable":true,"href":"https:\/\/www.radiolimari.cl\/index.php?rest_route=\/wp\/v2\/media\/7316"}],"wp:attachment":[{"href":"https:\/\/www.radiolimari.cl\/index.php?rest_route=%2Fwp%2Fv2%2Fmedia&parent=7474"}],"wp:term":[{"taxonomy":"category","embeddable":true,"href":"https:\/\/www.radiolimari.cl\/index.php?rest_route=%2Fwp%2Fv2%2Fcategories&post=7474"},{"taxonomy":"post_tag","embeddable":true,"href":"https:\/\/www.radiolimari.cl\/index.php?rest_route=%2Fwp%2Fv2%2Ftags&post=7474"}],"curies":[{"name":"wp","href":"https:\/\/api.w.org\/{rel}","templated":true}]}}