{"id":7459,"date":"2022-06-03T19:46:26","date_gmt":"2022-06-03T19:46:26","guid":{"rendered":"http:\/\/www.radiolimari.cl\/?p=7459"},"modified":"2022-06-03T19:46:26","modified_gmt":"2022-06-03T19:46:26","slug":"municipio-instala-depositos-de-basura-historica-en-ovalle","status":"publish","type":"post","link":"https:\/\/www.radiolimari.cl\/?p=7459","title":{"rendered":"Municipio Instala dep\u00f3sitos de \u201cbasura hist\u00f3rica\u201d en Ovalle"},"content":{"rendered":"<p><a href=\"https:\/\/www.radiolimari.cl\/wp-content\/uploads\/2022\/06\/3.6-Contenedores-de-Basura-Hist\u00f3rica-2.jpg\"><img fetchpriority=\"high\" decoding=\"async\" class=\"alignnone size-medium wp-image-7460\" src=\"https:\/\/www.radiolimari.cl\/wp-content\/uploads\/2022\/06\/3.6-Contenedores-de-Basura-Hist\u00f3rica-2-300x225.jpg\" alt=\"3.6 Contenedores de Basura Hist\u00f3rica (2)\" width=\"300\" height=\"225\" srcset=\"https:\/\/www.radiolimari.cl\/wp-content\/uploads\/2022\/06\/3.6-Contenedores-de-Basura-Hist\u00f3rica-2-300x225.jpg 300w, https:\/\/www.radiolimari.cl\/wp-content\/uploads\/2022\/06\/3.6-Contenedores-de-Basura-Hist\u00f3rica-2-1024x768.jpg 1024w\" sizes=\"(max-width: 300px) 100vw, 300px\" \/><\/a><\/p>\n<p><strong><em>La acci\u00f3n, coordinada por el departamento de Aseo y Ornato del municipio de Ovalle y la empresa SoloVerde, a cargo del servicio de recolecci\u00f3n domiciliaria, tiene por objetivo que las personas utilicen estos contenedores para dejar art\u00edculos el\u00e9ctricos en mal estado, restos de escombros domiciliarios y restos de poda y as\u00ed evitar que se formen microbasurales<\/em><\/strong><!--more--><\/p>\n<p>Con el prop\u00f3sito de combatir la formaci\u00f3n de microbasurales, principalmente, en las zonas perif\u00e9ricas de Ovalle, el departamento de Aseo y Ornato del municipio local en conjunto con la empresa encargada de la recolecci\u00f3n domiciliaria en la comuna, SoloVerde, instaur\u00f3 un nuevo servicio para la comunidad. Este beneficio consiste en la instalaci\u00f3n de amplios dep\u00f3sitos m\u00f3viles, para que las familias puedan deshacerse de la denominada \u201cbasura hist\u00f3rica\u201d y puedan depositar distintos tipos de residuos, como maderas, colchones, art\u00edculos el\u00e9ctricos en mal estado, restos de escombros domiciliarios y restos de poda. El prop\u00f3sito principal es eliminar la conducta que tienen algunas personas inescrupulosas, que han tomado como costumbre asistir a sitios eriazos, espacios p\u00fablicos y dejar todo tipo de basuras, incluso algunas t\u00f3xicas para la flora y la fauna del sector.<\/p>\n<p>\u201cEste es un servicio adicional que se suma a la recolecci\u00f3n de basura domiciliaria que est\u00e1 realizando la empresa SoloVerde, desde el mes de mayo. Son contenedores de 20 metros c\u00fabicos y la idea es ir movi\u00e9ndolos a puntos estrat\u00e9gicos, en primer t\u00e9rmino en el sector urbano, con el fin de evitar los microbasurales\u201d indic\u00f3 el director de Aseo y Ornato del municipio de Ovalle, Marcelo Tabilo.<\/p>\n<p>En a\u00f1os anteriores, los vecinos de la comuna de Ovalle deb\u00edan esperar intervenciones en el marco del programa Municipio en tu Barrio, para poder botar desperdicios y elementos que habitualmente reducen los espacios de recreaci\u00f3n en los hogares, y forman focos de insalubridad en los patios.<\/p>\n<p>Durante estos d\u00edas habr\u00e1 dos puntos de recolecci\u00f3n de basura domiciliaria en la parte baja, uno en Avenida Circunvalaci\u00f3n y otro en el sector La Chimba. En tanto, en la parte alta se ubicar\u00e1n en las cercan\u00edas de la Quebrada El Ingenio sector San Jos\u00e9 de la Dehesa y poblaci\u00f3n Charlesbourg, que, lamentablemente se han convertido en puntos conflictivos en este \u00e1mbito.<\/p>\n<p>\u201cGeneramos esta alternativa junto a la empresa encargada de la recolecci\u00f3n domiciliaria, porque no queremos que algunas personas utilicen los lugares p\u00fablicos y sitios eriazos para botar basura. En estos contenedores podr\u00e1n botar escombros y en general basura hist\u00f3rica, as\u00ed que le pedimos a nuestra comunidad que los utilice y contribuyamos con el cuidado del medio ambiente y nuestro entorno\u201d sostuvo el alcalde de Ovalle, Claudio Renter\u00eda.<\/p>\n<p>Durante junio se realizar\u00e1n operativos de \u201cbasura hist\u00f3rica\u201d en diversos puntos de Ovalle. Los sectores beneficiados ser\u00e1n Lomas de Tuqui-Villa Las Torres (S\u00e1bado 4 de junio), Villa Los Naranjos parte baja-Poblaci\u00f3n 21 de mayo (Jueves 9 de junio), Villa Los Pimientos-Las Tranqueras (S\u00e1bado 11 de junio) y la villa Dami\u00e1n Heredia-Poblaci\u00f3n Esperanza-Poblaci\u00f3n Jim\u00e9nez (Jueves 16 de junio). Estos sectores se suma Villa Las Am\u00e9ricas (S\u00e1bado 18 de junio), poblaci\u00f3n Limar\u00ed (Jueves 23 de junio), poblaci\u00f3n Villal\u00f3n (S\u00e1bado 25 de junio) y Villa La Paz-Villa Los Halcones (Jueves 30 de junio).<\/p>\n","protected":false},"excerpt":{"rendered":"<p>La acci\u00f3n, coordinada por el departamento de Aseo y Ornato del municipio de Ovalle y la empresa SoloVerde, a cargo del servicio de recolecci\u00f3n domiciliaria, tiene por objetivo que las personas utilicen estos contenedores para dejar art\u00edculos el\u00e9ctricos en mal estado, restos de escombros domiciliarios y restos de poda y as\u00ed evitar que se formen &#8230;<\/p>\n","protected":false},"author":2,"featured_media":7460,"comment_status":"open","ping_status":"open","sticky":false,"template":"","format":"standard","meta":{"footnotes":""},"categories":[5],"tags":[],"class_list":["post-7459","post","type-post","status-publish","format-standard","has-post-thumbnail","hentry","category-actualidad-limarina"],"_links":{"self":[{"href":"https:\/\/www.radiolimari.cl\/index.php?rest_route=\/wp\/v2\/posts\/7459","targetHints":{"allow":["GET"]}}],"collection":[{"href":"https:\/\/www.radiolimari.cl\/index.php?rest_route=\/wp\/v2\/posts"}],"about":[{"href":"https:\/\/www.radiolimari.cl\/index.php?rest_route=\/wp\/v2\/types\/post"}],"author":[{"embeddable":true,"href":"https:\/\/www.radiolimari.cl\/index.php?rest_route=\/wp\/v2\/users\/2"}],"replies":[{"embeddable":true,"href":"https:\/\/www.radiolimari.cl\/index.php?rest_route=%2Fwp%2Fv2%2Fcomments&post=7459"}],"version-history":[{"count":1,"href":"https:\/\/www.radiolimari.cl\/index.php?rest_route=\/wp\/v2\/posts\/7459\/revisions"}],"predecessor-version":[{"id":7461,"href":"https:\/\/www.radiolimari.cl\/index.php?rest_route=\/wp\/v2\/posts\/7459\/revisions\/7461"}],"wp:featuredmedia":[{"embeddable":true,"href":"https:\/\/www.radiolimari.cl\/index.php?rest_route=\/wp\/v2\/media\/7460"}],"wp:attachment":[{"href":"https:\/\/www.radiolimari.cl\/index.php?rest_route=%2Fwp%2Fv2%2Fmedia&parent=7459"}],"wp:term":[{"taxonomy":"category","embeddable":true,"href":"https:\/\/www.radiolimari.cl\/index.php?rest_route=%2Fwp%2Fv2%2Fcategories&post=7459"},{"taxonomy":"post_tag","embeddable":true,"href":"https:\/\/www.radiolimari.cl\/index.php?rest_route=%2Fwp%2Fv2%2Ftags&post=7459"}],"curies":[{"name":"wp","href":"https:\/\/api.w.org\/{rel}","templated":true}]}}