{"id":7453,"date":"2022-06-03T14:29:05","date_gmt":"2022-06-03T14:29:05","guid":{"rendered":"http:\/\/www.radiolimari.cl\/?p=7453"},"modified":"2022-06-03T14:30:55","modified_gmt":"2022-06-03T14:30:55","slug":"detienen-en-agentina-a-imputado-del-doble-crimen-de-un-padre-y-su-hija-cometido-en-ovalle","status":"publish","type":"post","link":"https:\/\/www.radiolimari.cl\/?p=7453","title":{"rendered":"Detienen en Argentina a imputado del doble crimen de un padre y su hija cometido en Ovalle"},"content":{"rendered":"<p><a href=\"https:\/\/www.radiolimari.cl\/wp-content\/uploads\/2022\/06\/3.6-pdi.jpg\"><img fetchpriority=\"high\" decoding=\"async\" class=\"alignnone size-medium wp-image-7454\" src=\"https:\/\/www.radiolimari.cl\/wp-content\/uploads\/2022\/06\/3.6-pdi-300x199.jpg\" alt=\"0855 jenaproes biro metrop sitio del suceso funcionario detective desaparecido en rinconada de maipu 23-10-2015 lpo\" width=\"300\" height=\"199\" srcset=\"https:\/\/www.radiolimari.cl\/wp-content\/uploads\/2022\/06\/3.6-pdi-300x199.jpg 300w, https:\/\/www.radiolimari.cl\/wp-content\/uploads\/2022\/06\/3.6-pdi-1024x680.jpg 1024w\" sizes=\"(max-width: 300px) 100vw, 300px\" \/><\/a><\/p>\n<p>Trabajo cient\u00edfico t\u00e9cnico de la Brigada de Homicidios La Serena, en conjunto con la Fiscal\u00eda y la Interpol logr\u00f3 individualizar, ubicar y detener al imputado de 2 cr\u00edmenes, ocurridos el pasado 23 de enero.<!--more--><\/p>\n<p>En Buenos Aires, la Polic\u00eda Federal Argentina dio cumplimiento a la Orden de Detenci\u00f3n Internacional en contra de un individuo mayor de edad, que los detectives de la Brigada de Homicidios La Serena establecieron como el presunto autor de un doble crimen cometido en Ovalle. En una residencial \u00a0detuvieron al hombre, acusado de disparar en contra de un padre y su hija de 6 a\u00f1os, en la poblaci\u00f3n Mirador II de la comuna limarina.<\/p>\n<p>La investigaci\u00f3n se remonta al pasado 23 de enero, cuando el personal policial concurre junto a peritos del Laboratorio de Criminal\u00edstica Regional para desarrollar las primeras diligencias que permitan establecer las circunstancias relacionadas con este doble homicidio, que provoc\u00f3 impacto a nivel nacional.<\/p>\n<p><strong><em>\u201cDetectives de esta unidad especializada en conjunto con el Ministerio P\u00fablico, realizaron diversas t\u00e9cnicas de an\u00e1lisis criminal e inteligencia policial, logrando individualizar al presunto autor de los disparos, ubic\u00e1ndolo fuera de nuestras fronteras. As\u00ed, desarrollamos una serie de acciones, seguimientos, y coordinaciones para lograr la detenci\u00f3n del imputado en Buenos Aires, Argentina\u201d, <\/em><\/strong>se\u00f1al\u00f3 el Subprefecto Jos\u00e9 C\u00e1ceres, jefe de la Brigada de Homicidios La Serena.<\/p>\n<p>La PDI segu\u00eda de cerca los pasos del imputado, de 29 a\u00f1os, que se encontraba pr\u00f3fugo tras el crimen. De acuerdo a los antecedentes de la investigaci\u00f3n, residi\u00f3 fuera de la regi\u00f3n de Coquimbo hasta que pudo salir al pa\u00eds vecino, mediante un paso no habilitado, logrando eludir la acci\u00f3n de la justicia.<\/p>\n<p><strong><em>\u201cCon todos estos antecedentes, la PDI junto al Ministerio P\u00fablico, coordinaron las acciones necesarias para dar cumplimiento efectivo a la Notificaci\u00f3n Roja de Captura Internacional que se materializ\u00f3 hace unas horas, gracias al apoyo de Interpol en Santiago y Buenos Aires. El trabajo cient\u00edfico t\u00e9cnico del personal especializado, permiti\u00f3 la ubicaci\u00f3n y detenci\u00f3n del presunto autor del doble homicidio, iniciando los tr\u00e1mites correspondientes para su extradici\u00f3n a nuestro pa\u00eds y presentarlo para responder ante los Tribunales de Justicia\u201d<\/em><\/strong>, se\u00f1al\u00f3 el Subprefecto C\u00e1ceres.<\/p>\n<p>&nbsp;<\/p>\n\n<p>De acuerdo a los antecedentes de la investigaci\u00f3n, el d\u00eda del crimen, el imputado habr\u00eda perseguido a las v\u00edctimas en un veh\u00edculo y al llegar a un sector residencial, este desciende con un arma de fuego para disparar en reiteradas oportunidades, en contra de este padre y su peque\u00f1a hija, en plena v\u00eda p\u00fablica. El individuo se da a la fuga, protagonizando una escapada que llegar\u00eda a su fin, despu\u00e9s de 4 meses, en el pa\u00eds trasandino.<\/p>\n","protected":false},"excerpt":{"rendered":"<p>Trabajo cient\u00edfico t\u00e9cnico de la Brigada de Homicidios La Serena, en conjunto con la Fiscal\u00eda y la Interpol logr\u00f3 individualizar, ubicar y detener al imputado de 2 cr\u00edmenes, ocurridos el pasado 23 de enero.<\/p>\n","protected":false},"author":2,"featured_media":7454,"comment_status":"open","ping_status":"open","sticky":false,"template":"","format":"standard","meta":{"footnotes":""},"categories":[5],"tags":[],"class_list":["post-7453","post","type-post","status-publish","format-standard","has-post-thumbnail","hentry","category-actualidad-limarina"],"_links":{"self":[{"href":"https:\/\/www.radiolimari.cl\/index.php?rest_route=\/wp\/v2\/posts\/7453","targetHints":{"allow":["GET"]}}],"collection":[{"href":"https:\/\/www.radiolimari.cl\/index.php?rest_route=\/wp\/v2\/posts"}],"about":[{"href":"https:\/\/www.radiolimari.cl\/index.php?rest_route=\/wp\/v2\/types\/post"}],"author":[{"embeddable":true,"href":"https:\/\/www.radiolimari.cl\/index.php?rest_route=\/wp\/v2\/users\/2"}],"replies":[{"embeddable":true,"href":"https:\/\/www.radiolimari.cl\/index.php?rest_route=%2Fwp%2Fv2%2Fcomments&post=7453"}],"version-history":[{"count":2,"href":"https:\/\/www.radiolimari.cl\/index.php?rest_route=\/wp\/v2\/posts\/7453\/revisions"}],"predecessor-version":[{"id":7457,"href":"https:\/\/www.radiolimari.cl\/index.php?rest_route=\/wp\/v2\/posts\/7453\/revisions\/7457"}],"wp:featuredmedia":[{"embeddable":true,"href":"https:\/\/www.radiolimari.cl\/index.php?rest_route=\/wp\/v2\/media\/7454"}],"wp:attachment":[{"href":"https:\/\/www.radiolimari.cl\/index.php?rest_route=%2Fwp%2Fv2%2Fmedia&parent=7453"}],"wp:term":[{"taxonomy":"category","embeddable":true,"href":"https:\/\/www.radiolimari.cl\/index.php?rest_route=%2Fwp%2Fv2%2Fcategories&post=7453"},{"taxonomy":"post_tag","embeddable":true,"href":"https:\/\/www.radiolimari.cl\/index.php?rest_route=%2Fwp%2Fv2%2Ftags&post=7453"}],"curies":[{"name":"wp","href":"https:\/\/api.w.org\/{rel}","templated":true}]}}