{"id":7451,"date":"2022-06-03T14:06:53","date_gmt":"2022-06-03T14:06:53","guid":{"rendered":"http:\/\/www.radiolimari.cl\/?p=7451"},"modified":"2022-06-03T14:06:53","modified_gmt":"2022-06-03T14:06:53","slug":"nueva-alerta-meteorologica-por-precipitaciones-en-la-region-de-coquimbo","status":"publish","type":"post","link":"https:\/\/www.radiolimari.cl\/?p=7451","title":{"rendered":"Nueva Alerta meteorol\u00f3gica por precipitaciones en la Regi\u00f3n de Coquimbo"},"content":{"rendered":"<p><a href=\"https:\/\/www.radiolimari.cl\/wp-content\/uploads\/2022\/06\/el-tiempo-2021.jpg\"><img fetchpriority=\"high\" decoding=\"async\" class=\"alignnone size-medium wp-image-7425\" src=\"https:\/\/www.radiolimari.cl\/wp-content\/uploads\/2022\/06\/el-tiempo-2021-300x194.jpg\" alt=\"el tiempo 2021\" width=\"300\" height=\"194\" srcset=\"https:\/\/www.radiolimari.cl\/wp-content\/uploads\/2022\/06\/el-tiempo-2021-300x194.jpg 300w, https:\/\/www.radiolimari.cl\/wp-content\/uploads\/2022\/06\/el-tiempo-2021-1024x664.jpg 1024w, https:\/\/www.radiolimari.cl\/wp-content\/uploads\/2022\/06\/el-tiempo-2021.jpg 2008w\" sizes=\"(max-width: 300px) 100vw, 300px\" \/><\/a><\/p>\n<p><span style=\"color: #000000;\">Se esperan precipitaciones en la Regi\u00f3n de Coquimbo entre este\u00a0viernes 03 y domingo 05 de junio, las cuales afectar\u00edan a las tres provincias de la regi\u00f3n. Estas precipitaciones ser\u00edan causadas por la llegada de dos sistemas frontales, uno llegando el jueves en la noche y otro llegado durante el s\u00e1bado en la noche.<\/span><!--more--><\/p>\n<p style=\"font-weight: 400;\">El primer evento partir\u00eda con precipitaci\u00f3n de agua en precordillera y de nieve en cordillera durante la madrugada del viernes, para luego a partir del viernes en la ma\u00f1ana continuar con precipitaci\u00f3n entre costa y cordillera de la provincia de Choapa y entre precordillera y cordillera en el resto de la Regi\u00f3n de Coquimbo. Para el s\u00e1bado, se espera que la precipitaci\u00f3n se mantenga s\u00f3lo entre precordillera y cordillera de toda la regi\u00f3n, las cuales persistir\u00edan hasta la llegada del segundo sistema frontal.<\/p>\n<p style=\"font-weight: 400;\">Este segundo sistema frontal llegar\u00eda entre la tarde y noche del s\u00e1bado, manteniendo la precipitaci\u00f3n entre precordillera y cordillera de toda la Regi\u00f3n de Coquimbo y aportando escasa precipitaci\u00f3n en costa y valles de las provincias de Elqui, Limar\u00ed, y Choapa, las cuales se producir\u00edan entre la ma\u00f1ana y tarde del domingo. Ya para el domingo en la noche, se espera que la precipitaci\u00f3n haya cesado en toda la regi\u00f3n.<\/p>\n<p style=\"font-weight: 400;\">El detalle de los montos acumulados esperados por provincia entre viernes y domingo se resume en la siguiente tabla:<\/p>\n<table style=\"font-weight: 400;\">\n<tbody>\n<tr>\n<td width=\"70\"><b><strong>Provincia<\/strong><\/b><\/td>\n<td width=\"89\"><b><strong>\u00a0\u00a0\u00a0\u00a0 Costa<\/strong><\/b><\/p>\n<p><b><strong>\u00a0(mm lluvia)<\/strong><\/b><\/td>\n<td width=\"84\"><b><strong>\u00a0\u00a0\u00a0\u00a0\u00a0 Valle<\/strong><\/b><\/p>\n<p><b><strong>(mm lluvia)<\/strong><\/b><\/td>\n<td width=\"91\"><b><strong>Precordillera<\/strong><\/b><\/p>\n<p><b><strong>\u00a0(mm lluvia)<\/strong><\/b><\/td>\n<td width=\"82\"><b><strong>Cordillera<\/strong><\/b><\/p>\n<p><b><strong>(cm nieve)<\/strong><\/b><\/td>\n<\/tr>\n<tr>\n<td width=\"70\"><b><strong>Elqui<\/strong><\/b><\/td>\n<td width=\"89\">0<\/td>\n<td width=\"84\">1<\/td>\n<td width=\"91\">3<\/td>\n<td width=\"82\">25<\/td>\n<\/tr>\n<tr>\n<td width=\"70\"><b><strong>Limari<\/strong><\/b><\/td>\n<td width=\"89\">0<\/td>\n<td width=\"84\">3<\/td>\n<td width=\"91\">7<\/td>\n<td width=\"82\">40<\/td>\n<\/tr>\n<tr>\n<td width=\"70\"><b><strong>Choapa<\/strong><\/b><\/td>\n<td width=\"89\">2<\/td>\n<td width=\"84\">6<\/td>\n<td width=\"91\">10<\/td>\n<td width=\"82\">30<\/td>\n<\/tr>\n<\/tbody>\n<\/table>\n<p>&nbsp;<\/p>\n<p style=\"font-weight: 400;\">Se espera que el nivel de isoterma cero en la Regi\u00f3n de Coquimbo fluct\u00fae entre 2600 y 3000m entre viernes y domingo, valores considerados normales para la \u00e9poca del a\u00f1o. Se recomienda tomar las precauciones pertinentes.<\/p>\n<p style=\"font-weight: 400;\"><span style=\"color: #212529;\">\u00abEsta alerta ha sido generada por el Centro de Estudios Avanzados en Zonas \u00c1ridas (CEAZA)\u00bb.<\/span><\/p>\n","protected":false},"excerpt":{"rendered":"<p>Se esperan precipitaciones en la Regi\u00f3n de Coquimbo entre este\u00a0viernes 03 y domingo 05 de junio, las cuales afectar\u00edan a las tres provincias de la regi\u00f3n. Estas precipitaciones ser\u00edan causadas por la llegada de dos sistemas frontales, uno llegando el jueves en la noche y otro llegado durante el s\u00e1bado en la noche.<\/p>\n","protected":false},"author":2,"featured_media":7425,"comment_status":"open","ping_status":"open","sticky":false,"template":"","format":"standard","meta":{"footnotes":""},"categories":[3],"tags":[],"class_list":["post-7451","post","type-post","status-publish","format-standard","has-post-thumbnail","hentry","category-actualidad"],"_links":{"self":[{"href":"https:\/\/www.radiolimari.cl\/index.php?rest_route=\/wp\/v2\/posts\/7451","targetHints":{"allow":["GET"]}}],"collection":[{"href":"https:\/\/www.radiolimari.cl\/index.php?rest_route=\/wp\/v2\/posts"}],"about":[{"href":"https:\/\/www.radiolimari.cl\/index.php?rest_route=\/wp\/v2\/types\/post"}],"author":[{"embeddable":true,"href":"https:\/\/www.radiolimari.cl\/index.php?rest_route=\/wp\/v2\/users\/2"}],"replies":[{"embeddable":true,"href":"https:\/\/www.radiolimari.cl\/index.php?rest_route=%2Fwp%2Fv2%2Fcomments&post=7451"}],"version-history":[{"count":1,"href":"https:\/\/www.radiolimari.cl\/index.php?rest_route=\/wp\/v2\/posts\/7451\/revisions"}],"predecessor-version":[{"id":7452,"href":"https:\/\/www.radiolimari.cl\/index.php?rest_route=\/wp\/v2\/posts\/7451\/revisions\/7452"}],"wp:featuredmedia":[{"embeddable":true,"href":"https:\/\/www.radiolimari.cl\/index.php?rest_route=\/wp\/v2\/media\/7425"}],"wp:attachment":[{"href":"https:\/\/www.radiolimari.cl\/index.php?rest_route=%2Fwp%2Fv2%2Fmedia&parent=7451"}],"wp:term":[{"taxonomy":"category","embeddable":true,"href":"https:\/\/www.radiolimari.cl\/index.php?rest_route=%2Fwp%2Fv2%2Fcategories&post=7451"},{"taxonomy":"post_tag","embeddable":true,"href":"https:\/\/www.radiolimari.cl\/index.php?rest_route=%2Fwp%2Fv2%2Ftags&post=7451"}],"curies":[{"name":"wp","href":"https:\/\/api.w.org\/{rel}","templated":true}]}}