{"id":7448,"date":"2022-06-02T20:58:11","date_gmt":"2022-06-02T20:58:11","guid":{"rendered":"http:\/\/www.radiolimari.cl\/?p=7448"},"modified":"2022-06-02T20:58:11","modified_gmt":"2022-06-02T20:58:11","slug":"a-traves-de-dialogos-buscan-concientizar-y-erradicar-violencia-hacia-la-mujer-en-la-region-de-coquimbo","status":"publish","type":"post","link":"https:\/\/www.radiolimari.cl\/?p=7448","title":{"rendered":"A trav\u00e9s de di\u00e1logos buscan concientizar y erradicar violencia hacia la mujer en la Regi\u00f3n de Coquimbo"},"content":{"rendered":"<p><a href=\"https:\/\/www.radiolimari.cl\/wp-content\/uploads\/2022\/06\/2.6-mujer-1.jpg\"><img fetchpriority=\"high\" decoding=\"async\" class=\"alignnone size-medium wp-image-7449\" src=\"https:\/\/www.radiolimari.cl\/wp-content\/uploads\/2022\/06\/2.6-mujer-1-300x200.jpg\" alt=\"2.6 mujer 1\" width=\"300\" height=\"200\" srcset=\"https:\/\/www.radiolimari.cl\/wp-content\/uploads\/2022\/06\/2.6-mujer-1-300x200.jpg 300w, https:\/\/www.radiolimari.cl\/wp-content\/uploads\/2022\/06\/2.6-mujer-1-1024x682.jpg 1024w\" sizes=\"(max-width: 300px) 100vw, 300px\" \/><\/a><\/p>\n<p><strong><em>Instancia desarrollada convoc\u00f3 a m\u00e1s de 40 personas que reflexionaron y comentaron diversas experiencias en torno a la tem\u00e1tica. Asistentes valoraron que se est\u00e9n retomando las actividades presenciales<\/em><\/strong><!--more--><\/p>\n<p>Mientras todos nos encontr\u00e1bamos luchando contra la pandemia de COVID, se gener\u00f3 un aumento preocupante de la violencia hacia las mujeres, lo que se reflej\u00f3 en un incremento del 70% de llamadas a las l\u00edneas de ayuda. Ante este escenario, y volviendo a las actividades presenciales, la Seremi de Gobierno junto con Mujer y Sernameg realizaron un encuentro para reflexionar sobre esta problem\u00e1tica y concientizar a la comunidad.<\/p>\n<p>La jornada, denominada \u201cErradicar la violencia hacia la mujer tarea de todas y todos\u201d cont\u00f3 con la intervenci\u00f3n de hombres y mujeres, representantes de organizaciones sociales, entendiendo que este es un tema transversal y que debemos abordar como sociedad en conjunto.<\/p>\n<p><strong>\u201cHoy estamos dando una nueva se\u00f1al de que la participaci\u00f3n, el escuchar y dialogar es fundamental para avanzar hacia un pa\u00eds con mayor equidad de g\u00e9nero, integridad y sin discriminaci\u00f3n. Nuestro Gobierno Feminista continuar\u00e1 trabajando con las dirigentas y dirigentes sociales porque entendemos el rol significativo que ejercen en sus comunidades.\u201d, expres\u00f3 Mar\u00eda Fernanda Glaser, Seremi de la Mujer y Equidad de G\u00e9nero.<\/strong><strong>\u00a0<\/strong><\/p>\n<p>La instancia de encuentro fue valorada por los asistentes, quienes manifestaron la necesidad volver a generar espacios de di\u00e1logo presenciales.<strong> \u201cAgradecemos que se haya retomado el trabajo presencial, sobre todo con los dirigentes para nosotros poder transmitir todo este aprendizaje a nuestras socias, porque el tema de la violencia se ha visto muy agravada con la pandemia, muchas mujeres tuvieron que vivir con sus agresores y no ten\u00edan donde recurrir\u201d, expres\u00f3 Heyllel Galleguillos de la Junta de Vecinos Nuevo Portal de Miramar de Coquimbo.<\/strong><\/p>\n<p>Desde el Servicio Nacional de la Mujer y la Equidad de G\u00e9nero (SernamEG), instituci\u00f3n que trabaja para la promoci\u00f3n y fortalecimiento del derecho de las mujeres a una vida libre de violencias, su directora regional (s), Leyla Vilches, mencion\u00f3 que <strong>\u201cqueremos fortalecer nuestro trabajo con las mujeres dirigentas de organizaciones sociales, ya que ellas son agentes claves para promover la prevenci\u00f3n de las violencias contra las mujeres. As\u00ed como tambi\u00e9n, poder entregarles las herramientas para que ellas puedan, no tan s\u00f3lo dar una primera acogida, sino tambi\u00e9n hacer una correcta derivaci\u00f3n\u201d.<\/strong><strong>\u00a0<\/strong><\/p>\n<p>Por su parte, <strong>Jeannette Salazar, Presidenta de la Junta de Vecinos de Coquimbito<\/strong>, se\u00f1al\u00f3 que durante el \u00faltimo tiempo ha sido complejo el escenario para las mujeres que sufren violencia, sobre todo porque han debido guardar silencio. <strong>\u201cAhora se est\u00e1n abriendo muchas puertas. Esta actividad nos da un indicio de que la mujer debe ser valorada y sacarse ese concepto de que tenemos que s\u00f3lo estar en la casa. Hoy nos empoderando en muchos aspectos y nos dan la oportunidad de opinar y decidir. Yo creo que ese es un gran avance\u201d, se\u00f1al\u00f3 la dirigente.<\/strong><strong>\u00a0<\/strong><\/p>\n<p>Asimismo, <strong>el Vocero Regional, Fernando Viveros,<\/strong> plante\u00f3 que esta tem\u00e1tica es un desaf\u00edo para el ejecutivo. <strong>\u201cAvanzar hacia una sociedad feminista es una terea de primer orden. Incluir en todas las pol\u00edticas que desarrollemos el tema del g\u00e9nero y hoy poner, tal como lo ha presentado el Presidente, Gabriel Boric; el tema de la violencia de g\u00e9nero contra la mujer y las disidencias como algo que nos debe preocupar a todos, no solo el Gobierno, sino que tambi\u00e9n las instituciones y organizaciones es importante para modernizar nuestro pa\u00eds en torno a este tema\u201d, indic\u00f3.<\/strong><strong>\u00a0<\/strong><\/p>\n<p>La actividad se enmarc\u00f3 dentro las jornadas de participaci\u00f3n y capacitaci\u00f3n a dirigentes sociales, que desarrolla la Divisi\u00f3n de Organizaciones Sociales de la Seremi de Gobierno de la Regi\u00f3n de Coquimbo.<\/p>\n<p>&nbsp;<\/p>\n","protected":false},"excerpt":{"rendered":"<p>Instancia desarrollada convoc\u00f3 a m\u00e1s de 40 personas que reflexionaron y comentaron diversas experiencias en torno a la tem\u00e1tica. Asistentes valoraron que se est\u00e9n retomando las actividades presenciales<\/p>\n","protected":false},"author":2,"featured_media":7449,"comment_status":"open","ping_status":"open","sticky":false,"template":"","format":"standard","meta":{"footnotes":""},"categories":[3],"tags":[],"class_list":["post-7448","post","type-post","status-publish","format-standard","has-post-thumbnail","hentry","category-actualidad"],"_links":{"self":[{"href":"https:\/\/www.radiolimari.cl\/index.php?rest_route=\/wp\/v2\/posts\/7448","targetHints":{"allow":["GET"]}}],"collection":[{"href":"https:\/\/www.radiolimari.cl\/index.php?rest_route=\/wp\/v2\/posts"}],"about":[{"href":"https:\/\/www.radiolimari.cl\/index.php?rest_route=\/wp\/v2\/types\/post"}],"author":[{"embeddable":true,"href":"https:\/\/www.radiolimari.cl\/index.php?rest_route=\/wp\/v2\/users\/2"}],"replies":[{"embeddable":true,"href":"https:\/\/www.radiolimari.cl\/index.php?rest_route=%2Fwp%2Fv2%2Fcomments&post=7448"}],"version-history":[{"count":1,"href":"https:\/\/www.radiolimari.cl\/index.php?rest_route=\/wp\/v2\/posts\/7448\/revisions"}],"predecessor-version":[{"id":7450,"href":"https:\/\/www.radiolimari.cl\/index.php?rest_route=\/wp\/v2\/posts\/7448\/revisions\/7450"}],"wp:featuredmedia":[{"embeddable":true,"href":"https:\/\/www.radiolimari.cl\/index.php?rest_route=\/wp\/v2\/media\/7449"}],"wp:attachment":[{"href":"https:\/\/www.radiolimari.cl\/index.php?rest_route=%2Fwp%2Fv2%2Fmedia&parent=7448"}],"wp:term":[{"taxonomy":"category","embeddable":true,"href":"https:\/\/www.radiolimari.cl\/index.php?rest_route=%2Fwp%2Fv2%2Fcategories&post=7448"},{"taxonomy":"post_tag","embeddable":true,"href":"https:\/\/www.radiolimari.cl\/index.php?rest_route=%2Fwp%2Fv2%2Ftags&post=7448"}],"curies":[{"name":"wp","href":"https:\/\/api.w.org\/{rel}","templated":true}]}}