{"id":7444,"date":"2022-06-02T17:07:38","date_gmt":"2022-06-02T17:07:38","guid":{"rendered":"http:\/\/www.radiolimari.cl\/?p=7444"},"modified":"2022-06-02T17:08:18","modified_gmt":"2022-06-02T17:08:18","slug":"seremi-de-la-mujer-de-la-region-de-coquimbo-destaca-cuenta-publica-de-presidente-boric-que-puso-acento-en-ejes-de-agenda-de-genero-y-gobierno-feminista","status":"publish","type":"post","link":"https:\/\/www.radiolimari.cl\/?p=7444","title":{"rendered":"Seremi de la Mujer de la regi\u00f3n de Coquimbo, destaca Cuenta P\u00fablica de Presidente Boric que puso  acento en ejes de Agenda de G\u00e9nero y  Gobierno Feminista"},"content":{"rendered":"<p><a href=\"https:\/\/www.radiolimari.cl\/wp-content\/uploads\/2022\/06\/seremi-de-la-mujer.jpg\"><img fetchpriority=\"high\" decoding=\"async\" class=\"alignnone size-medium wp-image-7445\" src=\"https:\/\/www.radiolimari.cl\/wp-content\/uploads\/2022\/06\/seremi-de-la-mujer-300x225.jpg\" alt=\"seremi de la mujer\" width=\"300\" height=\"225\" srcset=\"https:\/\/www.radiolimari.cl\/wp-content\/uploads\/2022\/06\/seremi-de-la-mujer-300x225.jpg 300w, https:\/\/www.radiolimari.cl\/wp-content\/uploads\/2022\/06\/seremi-de-la-mujer-1024x768.jpg 1024w\" sizes=\"(max-width: 300px) 100vw, 300px\" \/><\/a><\/p>\n<p><strong><em>Democracia en el pa\u00eds y en la casa\u201d, se\u00f1al\u00f3 el jefe de Estado citando el movimiento feminista<\/em><\/strong><!--more--><\/p>\n<p>Una serie de anuncios y avances en materia de igualdad de g\u00e9nero y agenda feminista efectu\u00f3 el Presidente de la Rep\u00fablica, Gabriel Boric Font, en el marco de su primera cuenta p\u00fablica ante el Congreso Nacional este 1 de junio, el cual se organiz\u00f3 en torno a 5 ejes: derechos sociales, mejor democracia, justicia y seguridad, crecimiento inclusivo y medioambiente.<\/p>\n<p>Ante esto, la seremi de la Mujer y la Equidad de G\u00e9nero, Mar\u00eda Fernanda Glaser valor\u00f3 los ejes que el Presidente Boric abord\u00f3, tales como: Sistema Nacional de Cuidados, Gobierno Feminista, Ley Integral de Violencia y Plan de Recuperaci\u00f3n Inclusiva<\/p>\n<p><strong>\u201cFue una Cuenta P\u00fablica s\u00f3lida con acento y voz en los compromisos de nuestro Gobierno Feminista, en agenda de equidad y transversalizaci\u00f3n de g\u00e9nero. Hoy el pa\u00eds,\u00a0 a trav\u00e9s de nuestro Gobierno, adopta el feminismo como un planteamiento pol\u00edtico que busca igualdad sustantiva entre las personas, avanzando hacia la construcci\u00f3n de un trato digno y sin discriminaci\u00f3n. El Presidente ha sido claro en que queremos un Chile que integre a la ciudadan\u00eda en toda su diversidad\u201d, <\/strong>explic\u00f3 Mar\u00eda Fernanda Glaser.<\/p>\n<p>&nbsp;<\/p>\n<p>Particularmente, en cuanto a los temas relacionados al Ministerio de la Mujer y la Equidad de G\u00e9nero durante la Cuneta P\u00fablica son:<\/p>\n<p><strong>Sistema Nacional de Cuidados<\/strong><\/p>\n<p>El primer mandatario enfatiz\u00f3 en la importancia de avanzar hacia la corresponsabilidad entre mujeres y hombres: \u201cEl Estado tiene el deber de ofrecer redes de apoyo e impulsar un cambio social que distribuya m\u00e1s equitativamente las tareas de cuidado, las cuales hist\u00f3ricamente han reca\u00eddo en las mujeres, sin recibir reconocimiento ni remuneraci\u00f3n alguna. Es por eso que, estableceremos un Sistema Nacional de Cuidados\u201d. Adem\u00e1s, puntualiz\u00f3 en la importancia de materializar avances concretos \u201chacia el entendimiento del cuidado como una responsabilidad social, con perspectiva feminista, intersectorial e intercultural\u201d.<\/p>\n<p>&nbsp;<\/p>\n<p><strong>Gobierno Feminista<\/strong><\/p>\n<p>El presidente Boric se\u00f1al\u00f3 que para avanzar hacia este objetivo es necesario que todas las acciones del Estado est\u00e9n enfocadas hacia la paridad de g\u00e9nero e incorporar esta perspectiva en todas las pol\u00edticas que tengan que ver con la vida de las mujeres y las diversidades.<\/p>\n<p>Para ello, dijo que hoy cada uno de los ministerios, \u201c14 de los cuales est\u00e1n liderados por una mujer, cuenta con asesoras de g\u00e9nero. Nuestra Canciller\u00eda tendr\u00e1 como sello la Pol\u00edtica Exterior Feminista, que reforzar\u00e1 la promoci\u00f3n de los derechos humanos de las mujeres, ni\u00f1as y disidencias en foros multilaterales y organismos internacionales y la participaci\u00f3n de las mujeres en los espacios de liderazgo internacional\u201d.<\/p>\n<p>En ese sentido, destac\u00f3 que nuestro pa\u00eds obtuvo la vicepresidencia de la Comisi\u00f3n Interamericana de Mujeres (CIM) de la OEA para los pr\u00f3ximos 3 a\u00f1os, cargo que ocupar\u00e1 la ministra de la Mujer y la Equidad de G\u00e9nero, Antonia Orellana.<\/p>\n<p>Por otra parte, Gabriel Boric expres\u00f3 que \u201cen el sector Defensa llevaremos a cabo una revisi\u00f3n y actualizaci\u00f3n de los protocolos de violencia de g\u00e9nero al interior de las ramas de las Fuerzas Armadas. Adem\u00e1s, implementaremos pol\u00edticas de inclusi\u00f3n desde una perspectiva de g\u00e9nero, no discriminaci\u00f3n y diversidad en el Ministerio\u201d.<\/p>\n<p>&nbsp;<\/p>\n<p><strong>Ley Integral de Violencia<\/strong><\/p>\n<p>El jefe de Estado destac\u00f3 su compromiso de avanzar sostenidamente en la tarea urgente de desarrollar una pol\u00edtica de prevenci\u00f3n, erradicaci\u00f3n y sanci\u00f3n de la violencia contra las mujeres. \u201cUna vez ingresadas nuestras indicaciones, conf\u00edo en la pronta aprobaci\u00f3n de la <strong>Ley sobre el Derecho de las mujeres a una vida libre de violencia<\/strong>. La que incluir\u00e1 el abordaje integral de la violencia, as\u00ed como sus consecuencias sobre ni\u00f1os, ni\u00f1as y adolescentes\u201d, sostuvo.<\/p>\n<p>Junto con ello, anunci\u00f3 la tramitaci\u00f3n del proyecto de <strong>Ley Say\u00e9n<\/strong> para que personas privadas de libertad embarazadas o que tengan hijos o hijas menores de tres a\u00f1os puedan cumplir su condena de forma alternativa a la c\u00e1rcel.<\/p>\n<p>Asimismo, destac\u00f3 la presentaci\u00f3n del proyecto de <strong>Ley sobre responsabilidad parental y pago efectivo de pensiones de alimentos<\/strong> que se complementa con el Registro Nacional de Deudores de Pensiones Alimenticias que ya es ley de la Rep\u00fablica y que estar\u00e1 publicado en una p\u00e1gina web a fines de este a\u00f1o.<\/p>\n<p>&nbsp;<\/p>\n<p><strong>Plan de recuperaci\u00f3n inclusiva<\/strong><strong>\u00a0<\/strong><\/p>\n<p>En el marco del Sistema Chile apoya, el presidente Boric indic\u00f3 que se <strong>crear\u00e1 medio mill\u00f3n de empleos<\/strong> con especial enfoque en la recuperaci\u00f3n del trabajo para las mujeres, por una efectiva reactivaci\u00f3n econ\u00f3mica con enfoque de g\u00e9nero.<\/p>\n<p>Por otra parte, reafirm\u00f3 el compromiso del Gobierno de Chile con el trabajo digno y libre violencia laboral, a trav\u00e9s de la Ratificaci\u00f3n del Convenio 190 de la Organizaci\u00f3n Internacional del Trabajo (OIT).<\/p>\n","protected":false},"excerpt":{"rendered":"<p>Democracia en el pa\u00eds y en la casa\u201d, se\u00f1al\u00f3 el jefe de Estado citando el movimiento feminista<\/p>\n","protected":false},"author":2,"featured_media":7445,"comment_status":"open","ping_status":"open","sticky":false,"template":"","format":"standard","meta":{"footnotes":""},"categories":[3],"tags":[],"class_list":["post-7444","post","type-post","status-publish","format-standard","has-post-thumbnail","hentry","category-actualidad"],"_links":{"self":[{"href":"https:\/\/www.radiolimari.cl\/index.php?rest_route=\/wp\/v2\/posts\/7444","targetHints":{"allow":["GET"]}}],"collection":[{"href":"https:\/\/www.radiolimari.cl\/index.php?rest_route=\/wp\/v2\/posts"}],"about":[{"href":"https:\/\/www.radiolimari.cl\/index.php?rest_route=\/wp\/v2\/types\/post"}],"author":[{"embeddable":true,"href":"https:\/\/www.radiolimari.cl\/index.php?rest_route=\/wp\/v2\/users\/2"}],"replies":[{"embeddable":true,"href":"https:\/\/www.radiolimari.cl\/index.php?rest_route=%2Fwp%2Fv2%2Fcomments&post=7444"}],"version-history":[{"count":2,"href":"https:\/\/www.radiolimari.cl\/index.php?rest_route=\/wp\/v2\/posts\/7444\/revisions"}],"predecessor-version":[{"id":7447,"href":"https:\/\/www.radiolimari.cl\/index.php?rest_route=\/wp\/v2\/posts\/7444\/revisions\/7447"}],"wp:featuredmedia":[{"embeddable":true,"href":"https:\/\/www.radiolimari.cl\/index.php?rest_route=\/wp\/v2\/media\/7445"}],"wp:attachment":[{"href":"https:\/\/www.radiolimari.cl\/index.php?rest_route=%2Fwp%2Fv2%2Fmedia&parent=7444"}],"wp:term":[{"taxonomy":"category","embeddable":true,"href":"https:\/\/www.radiolimari.cl\/index.php?rest_route=%2Fwp%2Fv2%2Fcategories&post=7444"},{"taxonomy":"post_tag","embeddable":true,"href":"https:\/\/www.radiolimari.cl\/index.php?rest_route=%2Fwp%2Fv2%2Ftags&post=7444"}],"curies":[{"name":"wp","href":"https:\/\/api.w.org\/{rel}","templated":true}]}}