{"id":7441,"date":"2022-06-02T13:36:44","date_gmt":"2022-06-02T13:36:44","guid":{"rendered":"http:\/\/www.radiolimari.cl\/?p=7441"},"modified":"2022-06-02T13:36:44","modified_gmt":"2022-06-02T13:36:44","slug":"colegios-pueden-inscribirse-en-plataforma-virtual-que-ayuda-a-recuperar-aprendizajes-de-matematicas","status":"publish","type":"post","link":"https:\/\/www.radiolimari.cl\/?p=7441","title":{"rendered":"Colegios pueden inscribirse en plataforma virtual  que ayuda a recuperar aprendizajes de matem\u00e1ticas"},"content":{"rendered":"<p><a href=\"https:\/\/www.radiolimari.cl\/wp-content\/uploads\/2022\/06\/2.6-Presentaci\u00f3n-Adaptativamente-en-Colegio-Colonia-de-Alfalfares-1.jpg\"><img fetchpriority=\"high\" decoding=\"async\" class=\"alignnone size-medium wp-image-7442\" src=\"https:\/\/www.radiolimari.cl\/wp-content\/uploads\/2022\/06\/2.6-Presentaci\u00f3n-Adaptativamente-en-Colegio-Colonia-de-Alfalfares-1-300x224.jpg\" alt=\"2.6 Presentaci\u00f3n Adaptativamente en Colegio Colonia de Alfalfares 1\" width=\"300\" height=\"224\" srcset=\"https:\/\/www.radiolimari.cl\/wp-content\/uploads\/2022\/06\/2.6-Presentaci\u00f3n-Adaptativamente-en-Colegio-Colonia-de-Alfalfares-1-300x224.jpg 300w, https:\/\/www.radiolimari.cl\/wp-content\/uploads\/2022\/06\/2.6-Presentaci\u00f3n-Adaptativamente-en-Colegio-Colonia-de-Alfalfares-1-1024x767.jpg 1024w, https:\/\/www.radiolimari.cl\/wp-content\/uploads\/2022\/06\/2.6-Presentaci\u00f3n-Adaptativamente-en-Colegio-Colonia-de-Alfalfares-1.jpg 1210w\" sizes=\"(max-width: 300px) 100vw, 300px\" \/><\/a><\/p>\n<p>Apoyar a la recuperaci\u00f3n de aprendizajes en matem\u00e1tica de estudiantes entre 3\u00b0 b\u00e1sico y 4\u00b0 a\u00f1o medio, afectados por las clases a distancia, producto de la pandemia, es el prop\u00f3sito del convenio de colaboraci\u00f3n firmado, entre la Secretar\u00eda Regional Ministerial de Educaci\u00f3n de la Regi\u00f3n de Coquimbo y Virgo Education, a trav\u00e9s de la plataforma virtual <a href=\"https:\/\/adaptativamente.cl\/\">https:\/\/adaptativamente.cl\/<\/a><!--more--><\/p>\n<p>El convenio ofrece 50 cupos para establecimientos educacionales de la Regi\u00f3n de Coquimbo, en el uso gratuito de la plataforma <a href=\"https:\/\/adaptativamente.cl\/\">https:\/\/adaptativamente.cl\/<\/a> \u00a0durante junio a diciembre de 2022, con licencias gratuitas para estudiantes y docentes, inducci\u00f3n de la plataforma a los docentes, acompa\u00f1amiento mensual personalizado desde la Seremi de Educaci\u00f3n y Virgo y el servicio t\u00e9cnico durante la implementaci\u00f3n.<\/p>\n<p>En el colegio Colonia de Alfalfares en La Serena, la Seremi de Educaci\u00f3n, Cecilia Ram\u00edrez Ch\u00e1vez present\u00f3 este convenio de colaboraci\u00f3n explicando que \u201ces para fortalecer la reactivaci\u00f3n de los aprendizajes de nuestros estudiantes, que despu\u00e9s de estos dos a\u00f1os de clases no presenciales, se vieron muy mermados. Este convenio surge gracias al trabajo de nuestra Coordinadora Regional del Centro de Innovaci\u00f3n, Soledad Castillo, del Departamento de Educaci\u00f3n, quien activa sus redes, en que vamos a poder implementar en 50 escuelas de la regi\u00f3n la plataforma adaptativamente, que es amigable en que los estudiantes van a poder aprender matem\u00e1tica, a trav\u00e9s del juego. Es un plataforma que da resultados de procesos de aprendizaje a los profesores por estudiante, que ayuda que el trabajo sea focalizado, los desaf\u00edos pedag\u00f3gicos est\u00e1n acordes a c\u00f3mo el estudiante va avanzando, respeta el ritmo y estilo de aprendizaje. Desde la Secretar\u00eda Ministerial hacemos el llamado para que sean escuelas p\u00fablicas las primeras en postular\u201d.<\/p>\n<p>El director ejecutivo de Virgo Education, Tom\u00e1s Despouy asever\u00f3 que \u201cnuestro primer gran desaf\u00edo es la adopci\u00f3n de la tecnolog\u00eda en el tiempo. Vimos que en pandemia muchos establecimientos incorporaron la tecnolog\u00eda como una medida de urgencia. Pero ahora post pandemia asocian tecnolog\u00eda con el trauma y han dejado de usarla. Sabiendo que la tecnolog\u00eda por s\u00ed sola no genera aprendizajes, pero si es un acelerador en los procesos pedag\u00f3gicos de aprendizajes. Nuestra invitaci\u00f3n a los docentes y a los establecimientos a ocupar tecnolog\u00eda, en este caso espec\u00edficamente en la plataforma de matem\u00e1tica. Pero en el tiempo es la adopci\u00f3n de tecnolog\u00edas en los procesos pedag\u00f3gicos porque acelera los aprendizajes y facilita la labor de los docentes y los estudiantes aprenden mucho mejor\u201d.<\/p>\n<p>La directora del colegio Colonia de Alfalfares, Pamela Gonz\u00e1lez se\u00f1al\u00f3 estar \u201cemocionada que hayan considerado a nuestro establecimiento, tener a las autoridades y a la Seremi en m\u00ed colegio. Cualquier herramienta que sirva para recuperar los conocimientos y los aprendizajes perdidos durante estos dos a\u00f1os de pandemia es bienvenida. Y si es de la manera, en que los ni\u00f1os en cualquier lugar de su casa o donde est\u00e9n van a poder trabajar con las matem\u00e1ticas y de una manera amigable, muy feliz por mis estudiantes. Tengo a la profesora Mar\u00eda Jos\u00e9 Paz muy buena docente y muy entusiasmada con este programa\u201d.<\/p>\n<p>&nbsp;<\/p>\n<p>La Coordinadora T\u00e9cnico Pedag\u00f3gica de la Corporaci\u00f3n Gabriel Gonz\u00e1lez Videla, Viviana Rivera afirm\u00f3 que \u201cla plataforma es muy buena para trabajar en forma diferenciada los aprendizajes. Ayuda mucho en el contexto que estamos hoy d\u00eda, puesto que se hicieron clases en forma asincr\u00f3nica, no presencial, produjo muchas diferencias en los resultados de los aprendizajes de los alumnos producto de las crisis a nivel sanitario. Hoy d\u00eda los profesores de matem\u00e1tica tienen muchas dificultades para llevar a cabo sus clases y esta plataforma que trabaja en forma adaptativa al ritmo va a potenciar a nuestros alumnos Nosotros como Corporaci\u00f3n estamos apoyando estas iniciativas y se agradece enormemente porque es un convenio gratuito al que podemos acceder para todos nuestros alumnos, puesto que tenemos 42 escuelas\u201d.<\/p>\n<p><strong>\u00bfEn qu\u00e9 consiste la plataforma?<\/strong><strong>\u00a0<\/strong><\/p>\n<p>Adaptativamente <a href=\"https:\/\/adaptativamente.cl\/\">https:\/\/adaptativamente.cl\/<\/a> es una plataforma chilena que promueve el aprendizaje de matem\u00e1tica desde 3\u00b0 a\u00f1o b\u00e1sico hasta 4\u00ba a\u00f1o medio, y que se adapta al nivel de habilidades adquiridas de cada estudiante, creando rutas pedag\u00f3gicas adaptativas y motivando al estudiante, a trav\u00e9s de estrategias de gamificaci\u00f3n, es decir de una t\u00e9cnica de aprendizaje que utiliza la mec\u00e1nica de juegos.<\/p>\n<p>La plataforma entrega al docente valiosa retroalimentaci\u00f3n que le permite acompa\u00f1ar a cada estudiante, a trav\u00e9s de refuerzos personalizados y promover el avance curricular a nivel de objetivo de aprendizaje e indicador de evaluaci\u00f3n y la priorizaci\u00f3n curricular sugerida por el Ministerio de Educaci\u00f3n.<\/p>\n<p>Para participar el establecimiento debe contar con conexi\u00f3n a internet y completar un formulario <strong>hasta el 10 de junio del 2022<\/strong>, en link\u00a0 <a href=\"https:\/\/docs.google.com\/forms\/d\/e\/1FAIpQLScgjH2UvLsRE9e-r9EfJ1gzytdVB_8quWDUX3l-ezTAShvWnQ\/viewform\">https:\/\/docs.google.com\/forms\/d\/e\/1FAIpQLScgjH2UvLsRE9e-r9EfJ1gzytdVB_8quWDUX3l-ezTAShvWnQ\/viewform<\/a> link que est\u00e1 en las redes sociales @educacioncoquimbo. La selecci\u00f3n de establecimientos se realizar\u00e1 por orden de inscripci\u00f3n, considerando los aspectos se\u00f1alados anteriormente.<\/p>\n","protected":false},"excerpt":{"rendered":"<p>Apoyar a la recuperaci\u00f3n de aprendizajes en matem\u00e1tica de estudiantes entre 3\u00b0 b\u00e1sico y 4\u00b0 a\u00f1o medio, afectados por las clases a distancia, producto de la pandemia, es el prop\u00f3sito del convenio de colaboraci\u00f3n firmado, entre la Secretar\u00eda Regional Ministerial de Educaci\u00f3n de la Regi\u00f3n de Coquimbo y Virgo Education, a trav\u00e9s de la plataforma &#8230;<\/p>\n","protected":false},"author":2,"featured_media":7442,"comment_status":"open","ping_status":"open","sticky":false,"template":"","format":"standard","meta":{"footnotes":""},"categories":[6],"tags":[],"class_list":["post-7441","post","type-post","status-publish","format-standard","has-post-thumbnail","hentry","category-regionales"],"_links":{"self":[{"href":"https:\/\/www.radiolimari.cl\/index.php?rest_route=\/wp\/v2\/posts\/7441","targetHints":{"allow":["GET"]}}],"collection":[{"href":"https:\/\/www.radiolimari.cl\/index.php?rest_route=\/wp\/v2\/posts"}],"about":[{"href":"https:\/\/www.radiolimari.cl\/index.php?rest_route=\/wp\/v2\/types\/post"}],"author":[{"embeddable":true,"href":"https:\/\/www.radiolimari.cl\/index.php?rest_route=\/wp\/v2\/users\/2"}],"replies":[{"embeddable":true,"href":"https:\/\/www.radiolimari.cl\/index.php?rest_route=%2Fwp%2Fv2%2Fcomments&post=7441"}],"version-history":[{"count":1,"href":"https:\/\/www.radiolimari.cl\/index.php?rest_route=\/wp\/v2\/posts\/7441\/revisions"}],"predecessor-version":[{"id":7443,"href":"https:\/\/www.radiolimari.cl\/index.php?rest_route=\/wp\/v2\/posts\/7441\/revisions\/7443"}],"wp:featuredmedia":[{"embeddable":true,"href":"https:\/\/www.radiolimari.cl\/index.php?rest_route=\/wp\/v2\/media\/7442"}],"wp:attachment":[{"href":"https:\/\/www.radiolimari.cl\/index.php?rest_route=%2Fwp%2Fv2%2Fmedia&parent=7441"}],"wp:term":[{"taxonomy":"category","embeddable":true,"href":"https:\/\/www.radiolimari.cl\/index.php?rest_route=%2Fwp%2Fv2%2Fcategories&post=7441"},{"taxonomy":"post_tag","embeddable":true,"href":"https:\/\/www.radiolimari.cl\/index.php?rest_route=%2Fwp%2Fv2%2Ftags&post=7441"}],"curies":[{"name":"wp","href":"https:\/\/api.w.org\/{rel}","templated":true}]}}