{"id":7433,"date":"2022-06-01T19:12:53","date_gmt":"2022-06-01T19:12:53","guid":{"rendered":"http:\/\/www.radiolimari.cl\/?p=7433"},"modified":"2022-06-01T19:12:53","modified_gmt":"2022-06-01T19:12:53","slug":"en-rio-hurtado-se-homenajea-a-mujeres-y-hombres-de-la-comuna-como-patrimonio-vivo","status":"publish","type":"post","link":"https:\/\/www.radiolimari.cl\/?p=7433","title":{"rendered":"En R\u00edo Hurtado se homenajea a mujeres y hombres de la comuna como patrimonio vivo"},"content":{"rendered":"<p><a href=\"https:\/\/www.radiolimari.cl\/wp-content\/uploads\/2022\/06\/1.6-Patrimonio-vivo-R\u00edo-Hurtado.jpg\"><img fetchpriority=\"high\" decoding=\"async\" class=\"alignnone size-medium wp-image-7434\" src=\"https:\/\/www.radiolimari.cl\/wp-content\/uploads\/2022\/06\/1.6-Patrimonio-vivo-R\u00edo-Hurtado-300x200.jpg\" alt=\"1.6 Patrimonio vivo R\u00edo Hurtado\" width=\"300\" height=\"200\" srcset=\"https:\/\/www.radiolimari.cl\/wp-content\/uploads\/2022\/06\/1.6-Patrimonio-vivo-R\u00edo-Hurtado-300x200.jpg 300w, https:\/\/www.radiolimari.cl\/wp-content\/uploads\/2022\/06\/1.6-Patrimonio-vivo-R\u00edo-Hurtado-1024x682.jpg 1024w\" sizes=\"(max-width: 300px) 100vw, 300px\" \/><\/a><\/p>\n<p>La alcaldesa Carmen Juana Olivares y el Concejo Municipal destacaron a ocho vecinos y vecinas que se desempe\u00f1an en el \u00e1mbito de la salud, educaci\u00f3n, tradiciones campesinas, y \u00e1mbito social de la comuna. Adem\u00e1s, el municipio local y la serem\u00eda de las Culturas firmaron un convenio para actualizar el plan municipal de cultura.<!--more--><\/p>\n<p>Una emotiva ceremonia se vivi\u00f3 en el Centro de Difusi\u00f3n Patrimonial, ubicado en el Monumento Natural Pichasca, la Municipalidad de R\u00edo Hurtado realiz\u00f3 la ceremonia \u00abReconocimiento al Patrimonio Vivo\u00bb de R\u00edo Hurtado, enmarcado en el D\u00eda de los Patrimonios 2022.<\/p>\n<p>La alcaldesa Carmen Juana Olivares y el Concejo Municipal destacaron a mujeres y hombres que son la fuerza creadora y colaborativa que fortalece a las comunidades, a trav\u00e9s de las expresiones art\u00edsticas, tradiciones y pr\u00e1cticas sociales que cada uno de los homenajeados entregan a diario.<\/p>\n<p>Se homenaje\u00f3 a Juan Carlos Cort\u00e9s (\u00e1rea salud), Carlos Andrade (\u00e1rea educaci\u00f3n), Arturo Orrego (\u00e1rea servicios), Ismelda Urquieta (artesan\u00edas), Margarita Araya (\u00e1mbito art\u00edstico), Manuel Past\u00e9n (caprinocultor), Nelson Campos (comercio) y Gabriel D\u00edaz (agr\u00edcola), por su invaluable aporte a la comunidad y que forman parte del patrimonio vivo de R\u00edo Hurtado.<\/p>\n<p>Uno de los homenajeados fue Manuel Past\u00e9n Castillo, quien se ha desempe\u00f1ado como caprinocultor durante toda su vida, agradeciendo el nombramiento.<\/p>\n<p>\u201cDesde los nueve a\u00f1os que cuido cabras, ahora tengo 80 (a\u00f1os). Me siento orgullosos por recibir este reconocimiento, porque nunca he recibido ning\u00fan regalo, estoy contento y agradecido de la alcaldesa y de todos\u201d, manifest\u00f3 emocionado.<\/p>\n<p>Mientras que otro de los homenajeados fue Juan Carlos Cort\u00e9s, t\u00e9cnico en enfermer\u00eda, quien se sorprendi\u00f3 por el nombramiento de las autoridades.<\/p>\n<p>\u201cMe sorprendi\u00f3 mucho este reconocimiento, como tesoro vivo, porque en el fondo la comunidad me ha reconocido muchas veces por mi trabajo, por lo que hago con la comunidad. Tengo una forma de trabajar que ha funcionado con los pacientes, siendo honestos con mis pacientes y mi empleador. Lo bueno es que este reconocimiento es en vida y este reconocimiento ayuda a seguir adelante, a saber que el trabajo es bien valorado ante tus pares y comunidad. Eso es impagable\u201d, dijo.<\/p>\n<p>Por su parte, la alcaldesa Carmen Juana Olivares se\u00f1al\u00f3 que la misi\u00f3n de esta ceremonia fue reconocer en vida a quienes aportan diariamente al desarrollo de R\u00edo Hurtado.<\/p>\n<p>\u201cQuisimos reconocer a personas que son parte de nuestro patrimonio vivo. Como comunas de R\u00edo Hurtado, tenemos nuestras familias que conservan la vida tal como se viv\u00eda antiguamente, con una cultura rica en lo que es la propia alimentaci\u00f3n que se cultiva en nuestro territorio, nuestra forma de vida que es interesante y hay que conservarla. En eso tambi\u00e9n tenemos patrimonios vivos como a estos vecinos que hemos reconocido en el \u00e1mbito de la educaci\u00f3n, la salud, la agricultura campesina\u201d, sostuvo la alcaldesa.<\/p>\n<p>En la oportunidad, estuvo presente el seremi de las Culturas, las Artes y el Patrimonio, Cedric Steilen, quien firm\u00f3 un convenio colaborativo entre la serem\u00eda y la municipalidad para actualizar el plan municipal de cultura. Adem\u00e1s, la autoridad recorri\u00f3 el Centro de Difusi\u00f3n Patrimonial, quien se refiri\u00f3 sobre la ceremonia y sostuvo que potenciar\u00e1 el Centro de Difusi\u00f3n Patrimonial para promover la cultura.<\/p>\n<p>\u201cQu\u00e9 m\u00e1s rico que la cultura que desarrollan las personas de los territorios en diferentes \u00e1mbitos, profesionales, culturales, patrimoniales y el ejemplo que hemos visto es lo que queremos valorar con nuestra serem\u00eda\u201d y agreg\u00f3 que \u201cel convenio permitir\u00e1 que ambas instituciones puedan colaborar en el desarrollo cultural de la comuna, desde el punto de vista de los planes parta la cultura y tambi\u00e9n con una serie de recursos, de fondos, que se pueden adjudicar como comuna para seguir desarrollando el trabajo que hacen desde la cultura. Me interesa potenciar este lugar (Centro de Difusi\u00f3n Patrimonial)\u201d, coment\u00f3 el seremi.<\/p>\n<p>En la misma ceremonia, Open Ovalle reconoci\u00f3 la labor del Club de Adultos Mayores Despertar Campesino de El Cha\u00f1ar y les entreg\u00f3 una gift card para la organizaci\u00f3n por su aporte al recetario gastron\u00f3mico de la comuna.<\/p>\n","protected":false},"excerpt":{"rendered":"<p>La alcaldesa Carmen Juana Olivares y el Concejo Municipal destacaron a ocho vecinos y vecinas que se desempe\u00f1an en el \u00e1mbito de la salud, educaci\u00f3n, tradiciones campesinas, y \u00e1mbito social de la comuna. Adem\u00e1s, el municipio local y la serem\u00eda de las Culturas firmaron un convenio para actualizar el plan municipal de cultura.<\/p>\n","protected":false},"author":2,"featured_media":7434,"comment_status":"open","ping_status":"open","sticky":false,"template":"","format":"standard","meta":{"footnotes":""},"categories":[5],"tags":[],"class_list":["post-7433","post","type-post","status-publish","format-standard","has-post-thumbnail","hentry","category-actualidad-limarina"],"_links":{"self":[{"href":"https:\/\/www.radiolimari.cl\/index.php?rest_route=\/wp\/v2\/posts\/7433","targetHints":{"allow":["GET"]}}],"collection":[{"href":"https:\/\/www.radiolimari.cl\/index.php?rest_route=\/wp\/v2\/posts"}],"about":[{"href":"https:\/\/www.radiolimari.cl\/index.php?rest_route=\/wp\/v2\/types\/post"}],"author":[{"embeddable":true,"href":"https:\/\/www.radiolimari.cl\/index.php?rest_route=\/wp\/v2\/users\/2"}],"replies":[{"embeddable":true,"href":"https:\/\/www.radiolimari.cl\/index.php?rest_route=%2Fwp%2Fv2%2Fcomments&post=7433"}],"version-history":[{"count":1,"href":"https:\/\/www.radiolimari.cl\/index.php?rest_route=\/wp\/v2\/posts\/7433\/revisions"}],"predecessor-version":[{"id":7435,"href":"https:\/\/www.radiolimari.cl\/index.php?rest_route=\/wp\/v2\/posts\/7433\/revisions\/7435"}],"wp:featuredmedia":[{"embeddable":true,"href":"https:\/\/www.radiolimari.cl\/index.php?rest_route=\/wp\/v2\/media\/7434"}],"wp:attachment":[{"href":"https:\/\/www.radiolimari.cl\/index.php?rest_route=%2Fwp%2Fv2%2Fmedia&parent=7433"}],"wp:term":[{"taxonomy":"category","embeddable":true,"href":"https:\/\/www.radiolimari.cl\/index.php?rest_route=%2Fwp%2Fv2%2Fcategories&post=7433"},{"taxonomy":"post_tag","embeddable":true,"href":"https:\/\/www.radiolimari.cl\/index.php?rest_route=%2Fwp%2Fv2%2Ftags&post=7433"}],"curies":[{"name":"wp","href":"https:\/\/api.w.org\/{rel}","templated":true}]}}