{"id":7430,"date":"2022-06-01T15:50:35","date_gmt":"2022-06-01T15:50:35","guid":{"rendered":"http:\/\/www.radiolimari.cl\/?p=7430"},"modified":"2022-06-01T15:50:35","modified_gmt":"2022-06-01T15:50:35","slug":"gobierno-impulsa-mesa-multisectorial-para-abordar-desempleo-en-la-region-de-coquimbo","status":"publish","type":"post","link":"https:\/\/www.radiolimari.cl\/?p=7430","title":{"rendered":"Gobierno impulsa mesa multisectorial para abordar desempleo en la regi\u00f3n de Coquimbo"},"content":{"rendered":"<p><a href=\"https:\/\/www.radiolimari.cl\/wp-content\/uploads\/2022\/06\/1.6-trabajo-mesa-2.jpeg\"><img fetchpriority=\"high\" decoding=\"async\" class=\"alignnone size-medium wp-image-7431\" src=\"https:\/\/www.radiolimari.cl\/wp-content\/uploads\/2022\/06\/1.6-trabajo-mesa-2-300x225.jpeg\" alt=\"1.6 trabajo mesa (2)\" width=\"300\" height=\"225\" srcset=\"https:\/\/www.radiolimari.cl\/wp-content\/uploads\/2022\/06\/1.6-trabajo-mesa-2-300x225.jpeg 300w, https:\/\/www.radiolimari.cl\/wp-content\/uploads\/2022\/06\/1.6-trabajo-mesa-2-1024x768.jpeg 1024w, https:\/\/www.radiolimari.cl\/wp-content\/uploads\/2022\/06\/1.6-trabajo-mesa-2.jpeg 1600w\" sizes=\"(max-width: 300px) 100vw, 300px\" \/><\/a><\/p>\n<p>La estimaci\u00f3n de la tasa de desocupaci\u00f3n regional fue 9,3% para el periodo febrero abril del 2022, registrando un aumento anual de 0,5 puntos porcentuales (pp), producto del alza de la fuerza de trabajo que fue mayor a la presentada por el alza de las personas ocupadas, esto en comparaci\u00f3n con las cifras del mismo per\u00edodo del a\u00f1o 2021. <!--more--><\/p>\n<p>De acuerdo con lo informado por el Instituto Nacional de Estad\u00edsticas (INE), el n\u00famero de ocupados aument\u00f3 un 4,7%, recuperando 15.300 puestos de trabajo. En ese sentido los sectores econ\u00f3micos que m\u00e1s aportaron a la generaci\u00f3n de empleo fueron Comercio, Miner\u00eda y Ense\u00f1anza.<\/p>\n<p>La Seremi del Trabajo, Claudia Santander, manifest\u00f3 que \u201ceste aumento en la tasa de desocupaci\u00f3n regional nos sit\u00faa en un desaf\u00edo mayor, es por ello que como Gobierno nos hemos comprometido a trabajar para generar las condiciones que propicien la ejecuci\u00f3n de proyectos y la creaci\u00f3n de nuevos puestos de trabajo\u201d.<\/p>\n<p>\u201cHay aspectos positivos en este informe como la disminuci\u00f3n de aquellas personas que est\u00e1n fuera de la fuerza de trabajo, cifra que descendi\u00f3 luego de tres periodos al alza, eso habla tambi\u00e9n del aumento de las expectativas por encontrar un nuevo empleo, lo que nos parece importante porque es una de nuestras metas reincorporarlas al mercado laboral. Adem\u00e1s, observamos el aumento de las personas asalariadas del sector privado lo que habla de la reactivaci\u00f3n econ\u00f3mica y de una nueva din\u00e1mica en el mercado laboral de la regi\u00f3n. Otro factor que da cuenta de eso, es que tambi\u00e9n disminuyeron las personas que trabajan por cuenta propia\u201d, coment\u00f3 la autoridad.<\/p>\n<p><strong>Mayores desaf\u00edos<\/strong><\/p>\n<p>La Seremi del trabajo detall\u00f3 las prioridades que tiene el Gobierno para la recuperaci\u00f3n del empleo regional y dijo que \u201cNuestra tarea prioritaria siempre es propiciar la generaci\u00f3n de nuevas oportunidades laborales formales. Los mayores desaf\u00edos son aumentar la participaci\u00f3n de las mujeres en el empleo, e impulsar rubros que se han quedado rezagados como es el caso de la Industria manufacturera y el sector de alojamiento y servicios de comida.\u00a0 Adem\u00e1s de enfrentar la situaci\u00f3n cr\u00edtica que vive el sector econ\u00f3mico de la agricultura por el impacto de la sequ\u00eda, lo que tambi\u00e9n se refleja en el empleo\u201d.<\/p>\n<p><strong>Mesa Multisectorial<\/strong><\/p>\n<p>Este lunes en el Gabinete Regional, realizado en Combarbarl\u00e1, se constituy\u00f3 la mesa multisectorial para abordar el tema del empleo en la regi\u00f3n. La autoridad del trabajo enfatiz\u00f3 en los aportes e incentivos que el Gobierno ha comprometido en esta materia y manifest\u00f3 que \u201cEl Plan Chile Apoya presentado por el Presidente Gabriel Boric en el mes de abril, plantea una inversi\u00f3n contundente de recursos para la reactivaci\u00f3n econ\u00f3mica y fundamentalmente para la generaci\u00f3n de empleo, por ello en esta Mesa Multisectorial, el objetivo es dar cumplimiento a nivel regional a las iniciativas que contiene ese Programa econ\u00f3mico social para este per\u00edodo\u201d.<\/p>\n<p>\u201cPara nosotros es una prioridad avanzar en la concreci\u00f3n de las iniciativas de inversi\u00f3n p\u00fablica destinado a infraestructuras de gobiernos locales donde son los municipios que deben presentar proyectos con foco en la contrataci\u00f3n de mano de obra local. Por otra parte, queremos aportar en la reactivaci\u00f3n del turismo y la cultura como fuente de generaci\u00f3n de empleo, para ello el plan Chile Apoya defini\u00f3 un aumento de la cobertura de los programas de Corfo y Sercotec, entre otras iniciativas que debemos abordar para fomentar el empleo en la regi\u00f3n\u201d, agreg\u00f3 la Seremi del Trabajo<\/p>\n","protected":false},"excerpt":{"rendered":"<p>La estimaci\u00f3n de la tasa de desocupaci\u00f3n regional fue 9,3% para el periodo febrero abril del 2022, registrando un aumento anual de 0,5 puntos porcentuales (pp), producto del alza de la fuerza de trabajo que fue mayor a la presentada por el alza de las personas ocupadas, esto en comparaci\u00f3n con las cifras del mismo &#8230;<\/p>\n","protected":false},"author":2,"featured_media":7431,"comment_status":"open","ping_status":"open","sticky":false,"template":"","format":"standard","meta":{"footnotes":""},"categories":[6],"tags":[],"class_list":["post-7430","post","type-post","status-publish","format-standard","has-post-thumbnail","hentry","category-regionales"],"_links":{"self":[{"href":"https:\/\/www.radiolimari.cl\/index.php?rest_route=\/wp\/v2\/posts\/7430","targetHints":{"allow":["GET"]}}],"collection":[{"href":"https:\/\/www.radiolimari.cl\/index.php?rest_route=\/wp\/v2\/posts"}],"about":[{"href":"https:\/\/www.radiolimari.cl\/index.php?rest_route=\/wp\/v2\/types\/post"}],"author":[{"embeddable":true,"href":"https:\/\/www.radiolimari.cl\/index.php?rest_route=\/wp\/v2\/users\/2"}],"replies":[{"embeddable":true,"href":"https:\/\/www.radiolimari.cl\/index.php?rest_route=%2Fwp%2Fv2%2Fcomments&post=7430"}],"version-history":[{"count":1,"href":"https:\/\/www.radiolimari.cl\/index.php?rest_route=\/wp\/v2\/posts\/7430\/revisions"}],"predecessor-version":[{"id":7432,"href":"https:\/\/www.radiolimari.cl\/index.php?rest_route=\/wp\/v2\/posts\/7430\/revisions\/7432"}],"wp:featuredmedia":[{"embeddable":true,"href":"https:\/\/www.radiolimari.cl\/index.php?rest_route=\/wp\/v2\/media\/7431"}],"wp:attachment":[{"href":"https:\/\/www.radiolimari.cl\/index.php?rest_route=%2Fwp%2Fv2%2Fmedia&parent=7430"}],"wp:term":[{"taxonomy":"category","embeddable":true,"href":"https:\/\/www.radiolimari.cl\/index.php?rest_route=%2Fwp%2Fv2%2Fcategories&post=7430"},{"taxonomy":"post_tag","embeddable":true,"href":"https:\/\/www.radiolimari.cl\/index.php?rest_route=%2Fwp%2Fv2%2Ftags&post=7430"}],"curies":[{"name":"wp","href":"https:\/\/api.w.org\/{rel}","templated":true}]}}