{"id":7427,"date":"2022-06-01T15:38:14","date_gmt":"2022-06-01T15:38:14","guid":{"rendered":"http:\/\/www.radiolimari.cl\/?p=7427"},"modified":"2022-06-01T15:38:14","modified_gmt":"2022-06-01T15:38:14","slug":"se-extiende-la-vigencia-de-cedulas-de-identidad-que-vencen-este-ano-2022","status":"publish","type":"post","link":"https:\/\/www.radiolimari.cl\/?p=7427","title":{"rendered":"Se extiende la vigencia de cedulas de identidad que vencen este a\u00f1o 2022"},"content":{"rendered":"<p><a href=\"https:\/\/www.radiolimari.cl\/wp-content\/uploads\/2022\/06\/cedula-identidad-ok.jpg\"><img fetchpriority=\"high\" decoding=\"async\" class=\"alignnone size-medium wp-image-7428\" src=\"https:\/\/www.radiolimari.cl\/wp-content\/uploads\/2022\/06\/cedula-identidad-ok-300x200.jpg\" alt=\"cedula identidad ok\" width=\"300\" height=\"200\" srcset=\"https:\/\/www.radiolimari.cl\/wp-content\/uploads\/2022\/06\/cedula-identidad-ok-300x200.jpg 300w, https:\/\/www.radiolimari.cl\/wp-content\/uploads\/2022\/06\/cedula-identidad-ok.jpg 1023w\" sizes=\"(max-width: 300px) 100vw, 300px\" \/><\/a><\/p>\n<p><span style=\"color: #202124;\">Lo anterior significa que si la\u00a0<\/span><b style=\"color: #202124;\">c\u00e9dula de identidad<\/b><span style=\"color: #202124;\">\u00a0vence el 25 de julio de 2022 se aplaza su vigencia hasta el 25 de julio de 2023<\/span><!--more--><\/p>\n<p style=\"color: #4a4a4a;\">Producto de la pandemia el proceso normal de renovaci\u00f3n de c\u00e9dulas de identidad se vio seriamente afectado al punto que a la fecha\u00a0<strong style=\"font-weight: bolder;\">existen m\u00e1s de 2 millones quinientas mil c\u00e9dulas vencidas y por vencer en todo el pa\u00eds.<\/strong><\/p>\n<p style=\"color: #4a4a4a;\">Actualmente las regiones que m\u00e1s concentran documentos vencidos y por vencer son la Metropolitana con m\u00e1s de un mill\u00f3n, Valpara\u00edso con alrededor de 270 mil y el Biob\u00edo con aproximadamente 226 mil.<\/p>\n<p style=\"color: #4a4a4a;\">Pensando en esta situaci\u00f3n y para facilitar la renovaci\u00f3n de este importante documento, la\u00a0<strong style=\"font-weight: bolder;\">ministra de Justicia y Derechos Humanos, Marcela R\u00edos, junto al subsecretario de Justicia, Jaime Gajardo y el director nacional (s) del Servicio de Registro Civil e Identificaci\u00f3n, Jorge N\u00fa\u00f1ez, anunciaron una serie de medidas tendientes a agilizar este proceso.<\/strong><\/p>\n<p style=\"color: #4a4a4a;\">Una de las m\u00e1s importantes fue anunciar el nuevo decreto de extensi\u00f3n del documento, el que prorroga la vigencia por un a\u00f1o de las c\u00e9dulas de chilenos y chilenas que vencen entre marzo y julio de 2022, hasta la misma fecha del 2023.<\/p>\n<p style=\"color: #4a4a4a;\"><strong style=\"font-weight: bolder;\">Lo anterior significa que si la c\u00e9dula de identidad vence el 25 de julio de 2022 se aplaza su vigencia hasta el 25 de julio de 2023.<\/strong>\u00a0Este decreto se suma al que se encuentra vigente y que extendi\u00f3 las c\u00e9dulas de identidad chilenas vencidas en enero y febrero de 2020, 2021 y 2022 para el mismo d\u00eda y mes de 2023.<\/p>\n<p style=\"color: #4a4a4a;\">Desde el Registro Civil informaron que se han comunicado formalmente con distintas instituciones tanto p\u00fablicas como privadas, para informar del nuevo decreto que extiende la vigencia de las c\u00e9dulas de identidad.<\/p>\n","protected":false},"excerpt":{"rendered":"<p>Lo anterior significa que si la\u00a0c\u00e9dula de identidad\u00a0vence el 25 de julio de 2022 se aplaza su vigencia hasta el 25 de julio de 2023<\/p>\n","protected":false},"author":2,"featured_media":7428,"comment_status":"open","ping_status":"open","sticky":false,"template":"","format":"standard","meta":{"footnotes":""},"categories":[3],"tags":[],"class_list":["post-7427","post","type-post","status-publish","format-standard","has-post-thumbnail","hentry","category-actualidad"],"_links":{"self":[{"href":"https:\/\/www.radiolimari.cl\/index.php?rest_route=\/wp\/v2\/posts\/7427","targetHints":{"allow":["GET"]}}],"collection":[{"href":"https:\/\/www.radiolimari.cl\/index.php?rest_route=\/wp\/v2\/posts"}],"about":[{"href":"https:\/\/www.radiolimari.cl\/index.php?rest_route=\/wp\/v2\/types\/post"}],"author":[{"embeddable":true,"href":"https:\/\/www.radiolimari.cl\/index.php?rest_route=\/wp\/v2\/users\/2"}],"replies":[{"embeddable":true,"href":"https:\/\/www.radiolimari.cl\/index.php?rest_route=%2Fwp%2Fv2%2Fcomments&post=7427"}],"version-history":[{"count":1,"href":"https:\/\/www.radiolimari.cl\/index.php?rest_route=\/wp\/v2\/posts\/7427\/revisions"}],"predecessor-version":[{"id":7429,"href":"https:\/\/www.radiolimari.cl\/index.php?rest_route=\/wp\/v2\/posts\/7427\/revisions\/7429"}],"wp:featuredmedia":[{"embeddable":true,"href":"https:\/\/www.radiolimari.cl\/index.php?rest_route=\/wp\/v2\/media\/7428"}],"wp:attachment":[{"href":"https:\/\/www.radiolimari.cl\/index.php?rest_route=%2Fwp%2Fv2%2Fmedia&parent=7427"}],"wp:term":[{"taxonomy":"category","embeddable":true,"href":"https:\/\/www.radiolimari.cl\/index.php?rest_route=%2Fwp%2Fv2%2Fcategories&post=7427"},{"taxonomy":"post_tag","embeddable":true,"href":"https:\/\/www.radiolimari.cl\/index.php?rest_route=%2Fwp%2Fv2%2Ftags&post=7427"}],"curies":[{"name":"wp","href":"https:\/\/api.w.org\/{rel}","templated":true}]}}