{"id":7421,"date":"2022-06-01T14:58:05","date_gmt":"2022-06-01T14:58:05","guid":{"rendered":"http:\/\/www.radiolimari.cl\/?p=7421"},"modified":"2022-06-01T14:58:05","modified_gmt":"2022-06-01T14:58:05","slug":"comenzo-a-regir-el-umbral-de-vacunacion-para-estudiantes-de-7-basico-a-4-medio","status":"publish","type":"post","link":"https:\/\/www.radiolimari.cl\/?p=7421","title":{"rendered":"Comenz\u00f3 a regir el umbral de  vacunaci\u00f3n para estudiantes de 7\u00b0 b\u00e1sico a 4\u00b0 medio"},"content":{"rendered":"<p><a href=\"https:\/\/www.radiolimari.cl\/wp-content\/uploads\/2022\/06\/1.6-Foto-vacunaci\u00f3n-colegio-Bernarda-Mor\u00edn-La-Serena.jpg\"><img fetchpriority=\"high\" decoding=\"async\" class=\"alignnone size-medium wp-image-7422\" src=\"https:\/\/www.radiolimari.cl\/wp-content\/uploads\/2022\/06\/1.6-Foto-vacunaci\u00f3n-colegio-Bernarda-Mor\u00edn-La-Serena-300x221.jpg\" alt=\"1.6 Foto vacunaci\u00f3n colegio Bernarda Mor\u00edn La Serena\" width=\"300\" height=\"221\" srcset=\"https:\/\/www.radiolimari.cl\/wp-content\/uploads\/2022\/06\/1.6-Foto-vacunaci\u00f3n-colegio-Bernarda-Mor\u00edn-La-Serena-300x221.jpg 300w, https:\/\/www.radiolimari.cl\/wp-content\/uploads\/2022\/06\/1.6-Foto-vacunaci\u00f3n-colegio-Bernarda-Mor\u00edn-La-Serena-1024x755.jpg 1024w, https:\/\/www.radiolimari.cl\/wp-content\/uploads\/2022\/06\/1.6-Foto-vacunaci\u00f3n-colegio-Bernarda-Mor\u00edn-La-Serena.jpg 1280w\" sizes=\"(max-width: 300px) 100vw, 300px\" \/><\/a><\/p>\n<p><em>De acuerdo a las disposiciones sanitarias, los cursos que no alcancen el 80% de vacunaci\u00f3n contra el Covid-19 deber\u00e1n establecer distanciamiento o aforos.<\/em><!--more--><\/p>\n<p>El lunes 30 de mayo comenzaron a regir los umbrales de vacunaci\u00f3n por curso, los que aplicar\u00e1n para estudiantes de 7\u00b0 b\u00e1sico a 4\u00b0 medio, de acuerdo con las definiciones sanitarias. En este contexto, el ministro de Educaci\u00f3n, Marco Antonio \u00c1vila, hace un llamado a las comunidades escolares a participar de los procesos de vacunaci\u00f3n que han dispuesto las autoridades de Salud para alcanzar el umbral de inmunizaci\u00f3n previo a la restricci\u00f3n.<\/p>\n<p>A la fecha, a nivel nacional el 95% de los cursos entre 7\u00b0b\u00e1sico a 4to medio ha logrado llegar al umbral de 80% de estudiantes vacunados contra el Covid-19, reflejado en 45 mil cursos (45.088) en los que no regir\u00e1 el distanciamiento. Sin embargo, a\u00fan hay m\u00e1s de 2 mil cursos (2.174) un 4,6% del total que no han logrado llegar al 80% necesario y tendr\u00e1n que comenzar con el distanciamiento f\u00edsico y, de no ser posible, con aforos, lo que podr\u00eda implicar la vuelta a la modalidad h\u00edbrida para cerca de 60 mil estudiantes.<\/p>\n<p>En la Regi\u00f3n de Coquimbo de un total de 2.213 aulas, el 95,1% de los cursos entre 7\u00b0b\u00e1sico a 4to medio ha logrado llegar al umbral de 80% de estudiantes vacunados contra el Covid-19, es decir 2.105 cursos, en los que no regir\u00e1 el distanciamiento. Sin embargo, hay 108 cursos, un 4,9% del total, que no han logrado llegar al 80% necesario y tendr\u00e1n que comenzar con el distanciamiento f\u00edsico.<\/p>\n<p>\u201cHay que recordar cu\u00e1l es el valor de la vacunaci\u00f3n contra el Covid-19. Esta herramienta de protecci\u00f3n es fundamental para sostener la presencialidad. Por eso les solicitamos que refuercen este proceso en sus comunidades, que puedan explicarle a padres, madres y cuidadores la importancia del cuidado y de mantener la presencialidad plena\u201d, explic\u00f3 Marco Antonio \u00c1vila, ministro de Educaci\u00f3n.<\/p>\n<p>En los cursos que no se cumpla con el porcentaje de vacunaci\u00f3n, y que adem\u00e1s no puedan implementar la medida de distanciamiento, los establecimientos educacionales podr\u00e1n no prestar el servicio educativo de manera presencial y simult\u00e1nea, pues estar\u00e1n obligados a realizar una organizaci\u00f3n diferente de la jornada escolar. Esto incluye la posibilidad de realizar actividades educativas remotas hasta que se alcance el porcentaje m\u00ednimo de vacunaci\u00f3n o se observen las normas de distanciamiento f\u00edsico dispuestas.<\/p>\n<p>\u201cTodos y todas conocemos el valor de la educaci\u00f3n presencial. Hacemos un llamado a la comunidad a informarse de los centros de vacunaci\u00f3n y conocer d\u00f3nde est\u00e1n los puntos para hacerlo. Entre todos y todas, seremos capaces de construir espacios m\u00e1s seguros y fortalecer los procesos educativos\u201d, se\u00f1al\u00f3 \u00c1vila.<\/p>\n<p>Para conocer c\u00f3mo est\u00e1n los umbrales por cursos, el Mineduc ha dispuesto el sitio <a href=\"https:\/\/vacunacionescolar.mineduc.cl\/\">vacunacionescolar.mineduc.cl<\/a> para que las comunidades puedan conocer los porcentajes en cada grupo curso y establecimiento.<strong>\u00a0<\/strong><\/p>\n<p>Los establecimientos educacionales que necesitan reforzar este proceso, pueden escribir a las Secretar\u00edas Regionales Ministeriales de Salud para solicitar operativos de vacunaci\u00f3n extramurales.<\/p>\n<p>&nbsp;<\/p>\n","protected":false},"excerpt":{"rendered":"<p>De acuerdo a las disposiciones sanitarias, los cursos que no alcancen el 80% de vacunaci\u00f3n contra el Covid-19 deber\u00e1n establecer distanciamiento o aforos.<\/p>\n","protected":false},"author":2,"featured_media":7422,"comment_status":"open","ping_status":"open","sticky":false,"template":"","format":"standard","meta":{"footnotes":""},"categories":[6],"tags":[],"class_list":["post-7421","post","type-post","status-publish","format-standard","has-post-thumbnail","hentry","category-regionales"],"_links":{"self":[{"href":"https:\/\/www.radiolimari.cl\/index.php?rest_route=\/wp\/v2\/posts\/7421","targetHints":{"allow":["GET"]}}],"collection":[{"href":"https:\/\/www.radiolimari.cl\/index.php?rest_route=\/wp\/v2\/posts"}],"about":[{"href":"https:\/\/www.radiolimari.cl\/index.php?rest_route=\/wp\/v2\/types\/post"}],"author":[{"embeddable":true,"href":"https:\/\/www.radiolimari.cl\/index.php?rest_route=\/wp\/v2\/users\/2"}],"replies":[{"embeddable":true,"href":"https:\/\/www.radiolimari.cl\/index.php?rest_route=%2Fwp%2Fv2%2Fcomments&post=7421"}],"version-history":[{"count":1,"href":"https:\/\/www.radiolimari.cl\/index.php?rest_route=\/wp\/v2\/posts\/7421\/revisions"}],"predecessor-version":[{"id":7423,"href":"https:\/\/www.radiolimari.cl\/index.php?rest_route=\/wp\/v2\/posts\/7421\/revisions\/7423"}],"wp:featuredmedia":[{"embeddable":true,"href":"https:\/\/www.radiolimari.cl\/index.php?rest_route=\/wp\/v2\/media\/7422"}],"wp:attachment":[{"href":"https:\/\/www.radiolimari.cl\/index.php?rest_route=%2Fwp%2Fv2%2Fmedia&parent=7421"}],"wp:term":[{"taxonomy":"category","embeddable":true,"href":"https:\/\/www.radiolimari.cl\/index.php?rest_route=%2Fwp%2Fv2%2Fcategories&post=7421"},{"taxonomy":"post_tag","embeddable":true,"href":"https:\/\/www.radiolimari.cl\/index.php?rest_route=%2Fwp%2Fv2%2Ftags&post=7421"}],"curies":[{"name":"wp","href":"https:\/\/api.w.org\/{rel}","templated":true}]}}