{"id":7405,"date":"2022-05-31T16:46:27","date_gmt":"2022-05-31T16:46:27","guid":{"rendered":"http:\/\/www.radiolimari.cl\/?p=7405"},"modified":"2022-05-31T16:46:43","modified_gmt":"2022-05-31T16:46:43","slug":"en-la-comuna-de-ovalle-desde-el-6-de-junio-se-modificaran-dias-y-horarios-de-recoleccion-de-basura-domiciliaria","status":"publish","type":"post","link":"https:\/\/www.radiolimari.cl\/?p=7405","title":{"rendered":"En la comuna de Ovalle desde el 6 de junio se modificar\u00e1n d\u00edas y horarios de recolecci\u00f3n de basura domiciliaria"},"content":{"rendered":"<p><a href=\"https:\/\/www.radiolimari.cl\/wp-content\/uploads\/2022\/05\/31.5-Retiro-de-Basura-Domiciliaria-1.jpg\"><img fetchpriority=\"high\" decoding=\"async\" class=\"alignnone size-medium wp-image-7406\" src=\"https:\/\/www.radiolimari.cl\/wp-content\/uploads\/2022\/05\/31.5-Retiro-de-Basura-Domiciliaria-1-300x225.jpg\" alt=\"31.5 Retiro de Basura Domiciliaria (1)\" width=\"300\" height=\"225\" srcset=\"https:\/\/www.radiolimari.cl\/wp-content\/uploads\/2022\/05\/31.5-Retiro-de-Basura-Domiciliaria-1-300x225.jpg 300w, https:\/\/www.radiolimari.cl\/wp-content\/uploads\/2022\/05\/31.5-Retiro-de-Basura-Domiciliaria-1-1024x768.jpg 1024w\" sizes=\"(max-width: 300px) 100vw, 300px\" \/><\/a><\/p>\n<p><strong><em>La Direcci\u00f3n de Aseo y Ornato del municipio de Ovalle, en conjunto con la empresa encargada del servicio, Solo Verde S.A, realizar\u00e1n modificaciones en todos los sectores residenciales de la ciudad y del sector rural, a excepci\u00f3n de la zona c\u00e9ntrica que se mantendr\u00e1 en el horario actual. \u00a0<\/em><\/strong><!--more--><\/p>\n<p>Un cambio radical tendr\u00e1 el servicio de recolecci\u00f3n de basura domiciliaria en Ovalle, ya que desde el 6 de junio se realizar\u00e1n modificaciones tanto en los d\u00edas, como en los horarios del retiro de residuos. La mayor parte de los sectores residenciales experimentar\u00e1n cambios, a excepci\u00f3n de la zona c\u00e9ntrica y comercial de la capital limarina, que se mantendr\u00e1 con el horario actual, que se inicia a las 19.00 horas y concluye a las 02:30 de la madrugada.<\/p>\n<p>Esta determinaci\u00f3n, trabajada en conjunto entre la Direcci\u00f3n de Aseo y Ornato del municipio de Ovalle y la empresa Solo Verde \u201ctiene por objetivo darle un ordenamiento al sistema y un mayor rendimiento a la distribuci\u00f3n de los camiones recolectores. El servicio ser\u00e1 realizado de lunes a s\u00e1bado y cada sector urbano tendr\u00e1 una frecuencia de tres d\u00edas a la semana y en horario diurno a excepci\u00f3n del sector c\u00e9ntrico (sector comercio) y sus poblaciones, como Ovalle Centro, Barrio Estaci\u00f3n, Ferroviario, El Quiscal, La Castilla y Despertar de Libertad, los cuales se mantendr\u00e1n con sus servicios en horario nocturno a partir de las 19.00 horas. Respecto al sector rural, en todas las localidades se realizar\u00e1 servicio diurno con frecuencias de dos y tres d\u00edas\u201d sostuvo el director de Aseo y Ornato del municipio de Ovalle, Marcelo Tabilo.<\/p>\n<p>En el caso de la totalidad de la parte baja de Ovalle, que incluye el sector El Portal y las villas adyacentes, Fray Jorge, Arizt\u00eda y sus respectivos sectores aleda\u00f1os el servicio se realizar\u00e1 los d\u00edas lunes, mi\u00e9rcoles y viernes en horario diurno, entre las 07.00 y las 14:30 horas.<\/p>\n<p>En tanto, en la zona alta la mayor parte de las \u00e1reas residenciales contar\u00e1n con este servicio los d\u00edas martes, jueves y s\u00e1bados, entre las 07.00 y las 14.30 horas, aunque algunos sectores ser\u00e1n diferenciados y los recorridos se llevar\u00e1n a cabo \u00a0d\u00edas lunes, mi\u00e9rcoles y viernes, entre las 07.00 y las 14.30 horas. Es el caso de Villa Agr\u00edcola, El Mirador III Oriente, Villa Tuqui, poblaci\u00f3n Limar\u00ed, villa Capit\u00e1n \u00c1valos, Villa Los Naranjos parte alta, Villa el Ingenio, Jos\u00e9 Tomas Ovalle, Nueva Bellavista y Atenas.<\/p>\n<p>Para tranquilidad de las familias ovallinas, cada uno los cambios ser\u00e1n informados a trav\u00e9s de las juntas de vecinos respectiva, y publicados en la p\u00e1gina web <a href=\"http:\/\/www.municipalidaddeovalle.cl\">www.municipalidaddeovalle.cl<\/a>, en el Facebook Ilustre municipalidad de Ovalle y en Instagram @muniovalle, con el fin de que cada persona pueda cerciorarse del d\u00eda y la hora en la que pasar\u00e1 el cami\u00f3n recolector por su sector residencial. En estas publicaciones se har\u00e1 la especificaci\u00f3n de cada sector, el d\u00eda y el horario de recolecci\u00f3n.<\/p>\n<p>&nbsp;<\/p>\n","protected":false},"excerpt":{"rendered":"<p>La Direcci\u00f3n de Aseo y Ornato del municipio de Ovalle, en conjunto con la empresa encargada del servicio, Solo Verde S.A, realizar\u00e1n modificaciones en todos los sectores residenciales de la ciudad y del sector rural, a excepci\u00f3n de la zona c\u00e9ntrica que se mantendr\u00e1 en el horario actual. \u00a0<\/p>\n","protected":false},"author":2,"featured_media":7406,"comment_status":"open","ping_status":"open","sticky":false,"template":"","format":"standard","meta":{"footnotes":""},"categories":[3],"tags":[],"class_list":["post-7405","post","type-post","status-publish","format-standard","has-post-thumbnail","hentry","category-actualidad"],"_links":{"self":[{"href":"https:\/\/www.radiolimari.cl\/index.php?rest_route=\/wp\/v2\/posts\/7405","targetHints":{"allow":["GET"]}}],"collection":[{"href":"https:\/\/www.radiolimari.cl\/index.php?rest_route=\/wp\/v2\/posts"}],"about":[{"href":"https:\/\/www.radiolimari.cl\/index.php?rest_route=\/wp\/v2\/types\/post"}],"author":[{"embeddable":true,"href":"https:\/\/www.radiolimari.cl\/index.php?rest_route=\/wp\/v2\/users\/2"}],"replies":[{"embeddable":true,"href":"https:\/\/www.radiolimari.cl\/index.php?rest_route=%2Fwp%2Fv2%2Fcomments&post=7405"}],"version-history":[{"count":2,"href":"https:\/\/www.radiolimari.cl\/index.php?rest_route=\/wp\/v2\/posts\/7405\/revisions"}],"predecessor-version":[{"id":7408,"href":"https:\/\/www.radiolimari.cl\/index.php?rest_route=\/wp\/v2\/posts\/7405\/revisions\/7408"}],"wp:featuredmedia":[{"embeddable":true,"href":"https:\/\/www.radiolimari.cl\/index.php?rest_route=\/wp\/v2\/media\/7406"}],"wp:attachment":[{"href":"https:\/\/www.radiolimari.cl\/index.php?rest_route=%2Fwp%2Fv2%2Fmedia&parent=7405"}],"wp:term":[{"taxonomy":"category","embeddable":true,"href":"https:\/\/www.radiolimari.cl\/index.php?rest_route=%2Fwp%2Fv2%2Fcategories&post=7405"},{"taxonomy":"post_tag","embeddable":true,"href":"https:\/\/www.radiolimari.cl\/index.php?rest_route=%2Fwp%2Fv2%2Ftags&post=7405"}],"curies":[{"name":"wp","href":"https:\/\/api.w.org\/{rel}","templated":true}]}}