{"id":7401,"date":"2022-05-31T16:37:45","date_gmt":"2022-05-31T16:37:45","guid":{"rendered":"http:\/\/www.radiolimari.cl\/?p=7401"},"modified":"2022-05-31T16:37:45","modified_gmt":"2022-05-31T16:37:45","slug":"vecina-de-illapel-cumplira-su-anhelo-de-emprender-gracias-al-fondo-orasmi","status":"publish","type":"post","link":"https:\/\/www.radiolimari.cl\/?p=7401","title":{"rendered":"Vecina de Illapel cumplir\u00e1 su anhelo de emprender gracias al fondo ORASMI"},"content":{"rendered":"<p><a href=\"https:\/\/www.radiolimari.cl\/wp-content\/uploads\/2022\/05\/31.5-illapel-ENTREGA-ORSMI.jpg\"><img fetchpriority=\"high\" decoding=\"async\" class=\"alignnone size-medium wp-image-7402\" src=\"https:\/\/www.radiolimari.cl\/wp-content\/uploads\/2022\/05\/31.5-illapel-ENTREGA-ORSMI-278x300.jpg\" alt=\"31.5 illapel ENTREGA ORSMI\" width=\"278\" height=\"300\" srcset=\"https:\/\/www.radiolimari.cl\/wp-content\/uploads\/2022\/05\/31.5-illapel-ENTREGA-ORSMI-278x300.jpg 278w, https:\/\/www.radiolimari.cl\/wp-content\/uploads\/2022\/05\/31.5-illapel-ENTREGA-ORSMI.jpg 704w\" sizes=\"(max-width: 278px) 100vw, 278px\" \/><\/a><\/p>\n<p><strong><em>Un horno industrial le fue entregado a Mar\u00eda Jose Navarrete de la Villa San Rafael de Rozas de la capital provincial, donde a partir de ahora, podr\u00e1 fabricar tortas, pan y queques, entre otros productos, en la comodidad de su hogar<\/em><\/strong><!--more--><\/p>\n<p>En el marco del programa fondo de organizaci\u00f3n regional de acci\u00f3n social, ORASMI del Gobierno de Chile, la vecina de la Villa San Rafael de Rozas de la comuna de Illapel, Mar\u00eda Jos\u00e9 Navarrete recibi\u00f3 de manos de la m\u00e1xima autoridad provincial, Nataly Carvajal, un horno industrial, el cual lo utilizar\u00e1 para desarrollar su gran anhelo, como es la fabricaci\u00f3n de masas, entre ellas tortas, queques y otros productos, con mucha m\u00e1s comodidad.<\/p>\n<p>La entrega del beneficio se desarroll\u00f3 en dependencias de la Delegaci\u00f3n Presidencial de Choapa, donde la propia Mar\u00eda Jos\u00e9, se mostr\u00f3 muy agradecida con este horno industrial, ya que, seg\u00fan sus palabras, era un apoyo que necesitaba, <strong>\u201cFeliz porque me dieron un apoyo que yo necesitaba, ya que mi emprendimiento son las masas, como pan, queques y todas esas cosas, entonces la idea es sacarle provecho al horno para poder emprender un negocio en casa, fui a pedir ayudar a diversos lugares y me recomendaron ac\u00e1, en la Delegaci\u00f3n, y estoy muy feliz con esta ayuda y eso para m\u00ed, es grande\u201d<\/strong><\/p>\n<p>En tanto la Delegada Presidencial de Choapa, Nataly Carvajal, se mostr\u00f3 muy satisfecha con la entrega de esta ayuda a la pobladora illapelina <strong>\u201cEsto cumple con la expectativas de la vecina Mar\u00eda Jos\u00e9, ya que con esto ella pude darle impulso a su emprendimiento, y estamos contentos de poder, con un granito de arena, desde la delegaci\u00f3n, y en total sinton\u00eda con el mandato del presidente Gabriel Boric Font, como es ir de a poquito mejorando la calidad de vida de nuestros vecinos\u201d<\/strong><\/p>\n<p>Cabe consignar que el Fondo ORASMI, es un fondo anual aprobado por la Ley de Presupuesto para el sector p\u00fablico, destinado al personas naturales que se encuentren en situaci\u00f3n o condici\u00f3n de vulnerabilidad social, entendida \u00e9sta como las \u201cdesigualdades y discriminaciones que est\u00e1n en la base de los riesgos sociales que afectan a familias y personas, tales como p\u00e9rdida del empleo, trabajo precario, bajos ingresos, enfermedad y falta de educaci\u00f3n, entre otras\u201d.<\/p>\n<p>&nbsp;<\/p>\n","protected":false},"excerpt":{"rendered":"<p>Un horno industrial le fue entregado a Mar\u00eda Jose Navarrete de la Villa San Rafael de Rozas de la capital provincial, donde a partir de ahora, podr\u00e1 fabricar tortas, pan y queques, entre otros productos, en la comodidad de su hogar<\/p>\n","protected":false},"author":2,"featured_media":7402,"comment_status":"open","ping_status":"open","sticky":false,"template":"","format":"standard","meta":{"footnotes":""},"categories":[6],"tags":[],"class_list":["post-7401","post","type-post","status-publish","format-standard","has-post-thumbnail","hentry","category-regionales"],"_links":{"self":[{"href":"https:\/\/www.radiolimari.cl\/index.php?rest_route=\/wp\/v2\/posts\/7401","targetHints":{"allow":["GET"]}}],"collection":[{"href":"https:\/\/www.radiolimari.cl\/index.php?rest_route=\/wp\/v2\/posts"}],"about":[{"href":"https:\/\/www.radiolimari.cl\/index.php?rest_route=\/wp\/v2\/types\/post"}],"author":[{"embeddable":true,"href":"https:\/\/www.radiolimari.cl\/index.php?rest_route=\/wp\/v2\/users\/2"}],"replies":[{"embeddable":true,"href":"https:\/\/www.radiolimari.cl\/index.php?rest_route=%2Fwp%2Fv2%2Fcomments&post=7401"}],"version-history":[{"count":1,"href":"https:\/\/www.radiolimari.cl\/index.php?rest_route=\/wp\/v2\/posts\/7401\/revisions"}],"predecessor-version":[{"id":7403,"href":"https:\/\/www.radiolimari.cl\/index.php?rest_route=\/wp\/v2\/posts\/7401\/revisions\/7403"}],"wp:featuredmedia":[{"embeddable":true,"href":"https:\/\/www.radiolimari.cl\/index.php?rest_route=\/wp\/v2\/media\/7402"}],"wp:attachment":[{"href":"https:\/\/www.radiolimari.cl\/index.php?rest_route=%2Fwp%2Fv2%2Fmedia&parent=7401"}],"wp:term":[{"taxonomy":"category","embeddable":true,"href":"https:\/\/www.radiolimari.cl\/index.php?rest_route=%2Fwp%2Fv2%2Fcategories&post=7401"},{"taxonomy":"post_tag","embeddable":true,"href":"https:\/\/www.radiolimari.cl\/index.php?rest_route=%2Fwp%2Fv2%2Ftags&post=7401"}],"curies":[{"name":"wp","href":"https:\/\/api.w.org\/{rel}","templated":true}]}}