{"id":7398,"date":"2022-05-31T16:20:49","date_gmt":"2022-05-31T16:20:49","guid":{"rendered":"http:\/\/www.radiolimari.cl\/?p=7398"},"modified":"2022-05-31T16:20:49","modified_gmt":"2022-05-31T16:20:49","slug":"familias-de-ovalle-y-monte-patria-participan-con-exito-en-programa-del-fosis-orientado-a-fortalecer-la-vida-en-familia","status":"publish","type":"post","link":"https:\/\/www.radiolimari.cl\/?p=7398","title":{"rendered":"Familias de Ovalle y Monte Patria participan con \u00e9xito en programa del FOSIS orientado a fortalecer la vida en familia"},"content":{"rendered":"<p><a href=\"https:\/\/www.radiolimari.cl\/wp-content\/uploads\/2022\/05\/31.5-fosis-1.jpeg\"><img decoding=\"async\" class=\"alignnone size-medium wp-image-7399\" src=\"https:\/\/www.radiolimari.cl\/wp-content\/uploads\/2022\/05\/31.5-fosis-1-300x135.jpeg\" alt=\"31.5 fosis 1\" width=\"300\" height=\"135\" srcset=\"https:\/\/www.radiolimari.cl\/wp-content\/uploads\/2022\/05\/31.5-fosis-1-300x135.jpeg 300w, https:\/\/www.radiolimari.cl\/wp-content\/uploads\/2022\/05\/31.5-fosis-1-1024x460.jpeg 1024w, https:\/\/www.radiolimari.cl\/wp-content\/uploads\/2022\/05\/31.5-fosis-1.jpeg 1600w\" sizes=\"(max-width: 300px) 100vw, 300px\" \/><\/a><\/p>\n<p><strong><em>La inversi\u00f3n total super\u00f3 los $26 millones y se enfoc\u00f3 en familias en situaci\u00f3n de extrema pobreza y vulnerabilidad social de ambas comunas.<\/em><\/strong><!--more--><\/p>\n<p>En total 41 familias de Ovalle y Monte Patria concluyeron con \u00e9xito su participaci\u00f3n en el programa Acci\u00f3n en Familia del FOSIS. La iniciativa cont\u00f3 con una inversi\u00f3n de m\u00e1s de $26 millones y tuvo su enfoque principal en familias vulnerables de ambas comunas.<\/p>\n<p>El programa tuvo una duraci\u00f3n de 12 meses y su estrategia de intervenci\u00f3n se estructur\u00f3 a trav\u00e9s de etapas, lo que concluy\u00f3 con un financiamiento de $200.000 para la adquisici\u00f3n de bienes y servicios como equipamiento para el hogar, insumos mercader\u00eda y materiales para el mejoramiento de habitabilidad.<\/p>\n<p>Al respecto, Celestino Toroco, Director Regional (s) del FOSIS destac\u00f3 la importancia de este tipo de programas. \u201cEn total se intervinieron 41 familias de ambas comunas, con una inversi\u00f3n de m\u00e1s de 26 millones. Este programa cabe resaltar que no es postulable sino que el servicio Mejor Ni\u00f1ez realiza un diagn\u00f3stico y posterior a ello se seleccionan las familias. Adem\u00e1s de la intervenci\u00f3n propiamente tal, se entreg\u00f3 un bono de financiamiento para que las familias pudieran hacer mejoras en su hogar. El objetivo de este programa es que los y las participantes para que fortalezcan su vida en familia, trabajando la comunicaci\u00f3n, sus metas y la identificaci\u00f3n de los apoyos con los que puede contar, algo que sin duda se logr\u00f3 de muy buena forma\u201d, explic\u00f3.<\/p>\n<p>Mar\u00eda Paz Gonz\u00e1lez, es una vecina de Monte Patria que particip\u00f3 de esta iniciativa. \u201cEstoy muy agradecida, en mi caso soy madre de 6 hijos y participar en este programa nos sirvi\u00f3 mucho, aprend\u00ed cosas que no conoc\u00eda y que trato ahora de transmitirlas a mis hijos. Las personas que nos guiaban fueron muy humanas y eso facilita las cosas para trabajar de mejor manera. Adem\u00e1s, pude adquirir una cocina para mi casita, en resumidas cuentas estoy muy agradecida por la oportunidad que me dieron de participar en esta linda iniciativa\u201d, expres\u00f3.<\/p>\n<p>Por su parte, el Seremi de Desarrollo Social y Familia, Eduardo Alcayaga, valor\u00f3 la participaci\u00f3n y lo positiva que result\u00f3 la experiencia para las familias. \u201cFueron 41 familias de Limar\u00ed que participaron de este programa durante un a\u00f1o, gracias a este trabajo conjunto entre el FOSIS y Mejor Ni\u00f1ez, que son quienes seleccionan las familias. Adem\u00e1s de la intervenci\u00f3n propiamente tal que involucra apoyo psicosocial y laboral, se les entreg\u00f3 un subsidio que pueden utilizar para alg\u00fan mejoramiento para su hogar, algo que sin duda tambi\u00e9n es de gran ayuda para ir anticip\u00e1ndonos a situaciones de crisis que puedan vivir las familias\u201d, puntualiz\u00f3.<\/p>\n<p>&nbsp;<\/p>\n<p>&nbsp;<\/p>\n<p>&nbsp;<\/p>\n","protected":false},"excerpt":{"rendered":"<p>La inversi\u00f3n total super\u00f3 los $26 millones y se enfoc\u00f3 en familias en situaci\u00f3n de extrema pobreza y vulnerabilidad social de ambas comunas.<\/p>\n","protected":false},"author":2,"featured_media":7399,"comment_status":"open","ping_status":"open","sticky":false,"template":"","format":"standard","meta":{"footnotes":""},"categories":[5],"tags":[],"class_list":["post-7398","post","type-post","status-publish","format-standard","has-post-thumbnail","hentry","category-actualidad-limarina"],"_links":{"self":[{"href":"https:\/\/www.radiolimari.cl\/index.php?rest_route=\/wp\/v2\/posts\/7398","targetHints":{"allow":["GET"]}}],"collection":[{"href":"https:\/\/www.radiolimari.cl\/index.php?rest_route=\/wp\/v2\/posts"}],"about":[{"href":"https:\/\/www.radiolimari.cl\/index.php?rest_route=\/wp\/v2\/types\/post"}],"author":[{"embeddable":true,"href":"https:\/\/www.radiolimari.cl\/index.php?rest_route=\/wp\/v2\/users\/2"}],"replies":[{"embeddable":true,"href":"https:\/\/www.radiolimari.cl\/index.php?rest_route=%2Fwp%2Fv2%2Fcomments&post=7398"}],"version-history":[{"count":1,"href":"https:\/\/www.radiolimari.cl\/index.php?rest_route=\/wp\/v2\/posts\/7398\/revisions"}],"predecessor-version":[{"id":7400,"href":"https:\/\/www.radiolimari.cl\/index.php?rest_route=\/wp\/v2\/posts\/7398\/revisions\/7400"}],"wp:featuredmedia":[{"embeddable":true,"href":"https:\/\/www.radiolimari.cl\/index.php?rest_route=\/wp\/v2\/media\/7399"}],"wp:attachment":[{"href":"https:\/\/www.radiolimari.cl\/index.php?rest_route=%2Fwp%2Fv2%2Fmedia&parent=7398"}],"wp:term":[{"taxonomy":"category","embeddable":true,"href":"https:\/\/www.radiolimari.cl\/index.php?rest_route=%2Fwp%2Fv2%2Fcategories&post=7398"},{"taxonomy":"post_tag","embeddable":true,"href":"https:\/\/www.radiolimari.cl\/index.php?rest_route=%2Fwp%2Fv2%2Ftags&post=7398"}],"curies":[{"name":"wp","href":"https:\/\/api.w.org\/{rel}","templated":true}]}}