{"id":7391,"date":"2022-05-30T13:22:08","date_gmt":"2022-05-30T13:22:08","guid":{"rendered":"http:\/\/www.radiolimari.cl\/?p=7391"},"modified":"2022-05-30T13:22:08","modified_gmt":"2022-05-30T13:22:08","slug":"93-es-la-tasa-de-desocupacion-en-la-region-de-coquimbo-en-el-trimestre-febrero-abril-del-2022","status":"publish","type":"post","link":"https:\/\/www.radiolimari.cl\/?p=7391","title":{"rendered":"9,3 % es  la tasa de desocupaci\u00f3n en la regi\u00f3n de Coquimbo en el trimestre febrero- abril del 2022"},"content":{"rendered":"<p><a href=\"https:\/\/www.radiolimari.cl\/wp-content\/uploads\/2022\/05\/INE.png\"><img fetchpriority=\"high\" decoding=\"async\" class=\"alignnone size-medium wp-image-7392\" src=\"https:\/\/www.radiolimari.cl\/wp-content\/uploads\/2022\/05\/INE-300x287.png\" alt=\"INE\" width=\"300\" height=\"287\" srcset=\"https:\/\/www.radiolimari.cl\/wp-content\/uploads\/2022\/05\/INE-300x287.png 300w, https:\/\/www.radiolimari.cl\/wp-content\/uploads\/2022\/05\/INE.png 330w\" sizes=\"(max-width: 300px) 100vw, 300px\" \/><\/a><\/p>\n<p style=\"font-weight: 400;\">CIFRAS NACIONALES<\/p>\n<p style=\"font-weight: 400;\">La tasa de desocupaci\u00f3n del pa\u00eds fue 7,7%, descendiendo 2,5 pp. en doce meses, debido al alza de la fuerza de trabajo (6,1%), menor a la presentada por las personas ocupadas (9,0%). Por su parte, las personas desocupadas disminuyeron 19,8%.<!--more--><\/p>\n<p style=\"font-weight: 400;\">La estimaci\u00f3n de la tasa de desocupaci\u00f3n\u00a0 en la regi\u00f3n de Coquimbo fue 9,3%, registrando un aumento de 0,5 pp. en doce meses, producto del alza de la fuerza de trabajo (5,2%), mayor a la presentada por las personas ocupadas (4,7%). Por su parte, las personas desocupadas (10,5%) crecieron en la comparaci\u00f3n interanual. Seg\u00fan sexo, la tasa de desocupaci\u00f3n de mujeres se ubic\u00f3 en 9,8% y la de hombres en 8,9%.<\/p>\n<p style=\"font-weight: 400;\">Para las provincias de Elqui y Limar\u00ed las tasas de desocupaci\u00f3n registraron 10,1% y 6,0%, respectivamente, en tanto, para la conurbaci\u00f3n La Serena-Coquimbo la tasa consign\u00f3 9,9%.<\/p>\n","protected":false},"excerpt":{"rendered":"<p>CIFRAS NACIONALES La tasa de desocupaci\u00f3n del pa\u00eds fue 7,7%, descendiendo 2,5 pp. en doce meses, debido al alza de la fuerza de trabajo (6,1%), menor a la presentada por las personas ocupadas (9,0%). Por su parte, las personas desocupadas disminuyeron 19,8%.<\/p>\n","protected":false},"author":2,"featured_media":7392,"comment_status":"open","ping_status":"open","sticky":false,"template":"","format":"standard","meta":{"footnotes":""},"categories":[6],"tags":[],"class_list":["post-7391","post","type-post","status-publish","format-standard","has-post-thumbnail","hentry","category-regionales"],"_links":{"self":[{"href":"https:\/\/www.radiolimari.cl\/index.php?rest_route=\/wp\/v2\/posts\/7391","targetHints":{"allow":["GET"]}}],"collection":[{"href":"https:\/\/www.radiolimari.cl\/index.php?rest_route=\/wp\/v2\/posts"}],"about":[{"href":"https:\/\/www.radiolimari.cl\/index.php?rest_route=\/wp\/v2\/types\/post"}],"author":[{"embeddable":true,"href":"https:\/\/www.radiolimari.cl\/index.php?rest_route=\/wp\/v2\/users\/2"}],"replies":[{"embeddable":true,"href":"https:\/\/www.radiolimari.cl\/index.php?rest_route=%2Fwp%2Fv2%2Fcomments&post=7391"}],"version-history":[{"count":1,"href":"https:\/\/www.radiolimari.cl\/index.php?rest_route=\/wp\/v2\/posts\/7391\/revisions"}],"predecessor-version":[{"id":7393,"href":"https:\/\/www.radiolimari.cl\/index.php?rest_route=\/wp\/v2\/posts\/7391\/revisions\/7393"}],"wp:featuredmedia":[{"embeddable":true,"href":"https:\/\/www.radiolimari.cl\/index.php?rest_route=\/wp\/v2\/media\/7392"}],"wp:attachment":[{"href":"https:\/\/www.radiolimari.cl\/index.php?rest_route=%2Fwp%2Fv2%2Fmedia&parent=7391"}],"wp:term":[{"taxonomy":"category","embeddable":true,"href":"https:\/\/www.radiolimari.cl\/index.php?rest_route=%2Fwp%2Fv2%2Fcategories&post=7391"},{"taxonomy":"post_tag","embeddable":true,"href":"https:\/\/www.radiolimari.cl\/index.php?rest_route=%2Fwp%2Fv2%2Ftags&post=7391"}],"curies":[{"name":"wp","href":"https:\/\/api.w.org\/{rel}","templated":true}]}}