{"id":7385,"date":"2022-05-27T17:42:09","date_gmt":"2022-05-27T17:42:09","guid":{"rendered":"http:\/\/www.radiolimari.cl\/?p=7385"},"modified":"2022-05-27T17:42:09","modified_gmt":"2022-05-27T17:42:09","slug":"monte-patria-se-inician-trabajos-de-pavimentacion-en-los-angeles-de-rapel","status":"publish","type":"post","link":"https:\/\/www.radiolimari.cl\/?p=7385","title":{"rendered":"Monte Patria: Se inician trabajos de pavimentaci\u00f3n en Los \u00c1ngeles de Rapel"},"content":{"rendered":"<p><a href=\"https:\/\/www.radiolimari.cl\/wp-content\/uploads\/2022\/05\/27.5-monte-patria-pavimento1.jpg\"><img fetchpriority=\"high\" decoding=\"async\" class=\"alignnone size-medium wp-image-7386\" src=\"https:\/\/www.radiolimari.cl\/wp-content\/uploads\/2022\/05\/27.5-monte-patria-pavimento1-300x224.jpg\" alt=\"27.5 monte patria pavimento1\" width=\"300\" height=\"224\" srcset=\"https:\/\/www.radiolimari.cl\/wp-content\/uploads\/2022\/05\/27.5-monte-patria-pavimento1-300x224.jpg 300w, https:\/\/www.radiolimari.cl\/wp-content\/uploads\/2022\/05\/27.5-monte-patria-pavimento1-1024x766.jpg 1024w, https:\/\/www.radiolimari.cl\/wp-content\/uploads\/2022\/05\/27.5-monte-patria-pavimento1.jpg 1280w\" sizes=\"(max-width: 300px) 100vw, 300px\" \/><\/a><\/p>\n<p><strong>Este trabajo de pavimentos b\u00e1sicos tambi\u00e9n se desarrollar\u00e1 en el sector de Los Clonquis, Las Mollacas, El Mait\u00e9n, El Maqui, a fin de mejorar la conectividad y calidad de vida de los vecinos <em>de estas localidades<\/em><\/strong><!--more--><\/p>\n<p><em>Varios compromisos<\/em> han sido realizados por el Municipio con los vecinos de Los \u00c1ngeles de Rapel a fin de mejorar la calidad de vida de los habitantes del sector. La regularizaci\u00f3n de los t\u00edtulos de dominio, a trav\u00e9s del Ministerio de Bienes Nacionales, as\u00ed como el mejoramiento de la plaza y la cancha del lugar ya estaban en proceso, pero sin duda exist\u00eda una deuda pendiente referente a la mejora de la calle, que durante a\u00f1os se hab\u00eda esperado y hoy finalmente se est\u00e1 ejecutando la pavimentaci\u00f3n del lugar.<\/p>\n<p>Karen Valeska Garc\u00eda, presidenta de la Junta de Vecinos de Los \u00c1ngeles de Rapel, destac\u00f3 que \u201cesper\u00e1bamos hace mucho tiempo tener un camino pavimentado, por el tema de los veh\u00edculos, ya que ning\u00fan bus realizaba recorrido para ac\u00e1, por el tema del camino. Tambi\u00e9n nos est\u00e1n mejorando la plaza, ahora tenemos m\u00e1s \u00e1rboles cambiaron los juegos y las bancas y todos los vecinos est\u00e1n muy agradecidos porque ha habido muchos avances en el pueblo\u201d.<\/p>\n<p>Al respecto el alcalde, Cristian Herrera, agradeci\u00f3 al delegado presidencial provincial, Galo Luna y al Presidente Gabriel Boric que \u201cpor fin se cumpla este compromiso que exist\u00eda, un pavimento b\u00e1sico que sin duda va a ayudar a mejorar la calidad de vida de los habitantes de Los \u00c1ngeles de Rapel. Un pavimento b\u00e1sico que tambi\u00e9n se va a realizar en el sector de Los Clonquis, Las Mollacas, El Mait\u00e9n, El Maqui, y estamos muy felices de que estos compromisos que eran muy antiguos hoy d\u00eda los podamos estar cumpliendo\u201d.<\/p>\n<p>Por su parte el delegado presidencial provincial, Galo Luna, se\u00f1al\u00f3 que \u201cestas son medidas que nos hemos planteado como gobierno y nos ha se\u00f1alado nuestro Presidente, Gabriel Boric, que debemos descentralizar; el desarrollo tiene que llegar a todas localidades, todas las comunas y no descentralizar solo el pa\u00eds sino tambi\u00e9n las regiones; as\u00ed que hoy d\u00eda hoy estamos en Los \u00c1ngeles de Rapel donde, a trav\u00e9s de vialidad, se est\u00e1 desarrollando el trabajo, se est\u00e1 pavimentando un camino que va a permitir mejorar la calidad de vida de los vecinos y las vecinas de esta localidad, potenciando por ejemplo el mejor tr\u00e1nsito de veh\u00edculos, de los buses interurbanos y tambi\u00e9n el traslado de los y las estudiantes\u201d.<\/p>\n","protected":false},"excerpt":{"rendered":"<p>Este trabajo de pavimentos b\u00e1sicos tambi\u00e9n se desarrollar\u00e1 en el sector de Los Clonquis, Las Mollacas, El Mait\u00e9n, El Maqui, a fin de mejorar la conectividad y calidad de vida de los vecinos de estas localidades<\/p>\n","protected":false},"author":2,"featured_media":7386,"comment_status":"open","ping_status":"open","sticky":false,"template":"","format":"standard","meta":{"footnotes":""},"categories":[5],"tags":[],"class_list":["post-7385","post","type-post","status-publish","format-standard","has-post-thumbnail","hentry","category-actualidad-limarina"],"_links":{"self":[{"href":"https:\/\/www.radiolimari.cl\/index.php?rest_route=\/wp\/v2\/posts\/7385","targetHints":{"allow":["GET"]}}],"collection":[{"href":"https:\/\/www.radiolimari.cl\/index.php?rest_route=\/wp\/v2\/posts"}],"about":[{"href":"https:\/\/www.radiolimari.cl\/index.php?rest_route=\/wp\/v2\/types\/post"}],"author":[{"embeddable":true,"href":"https:\/\/www.radiolimari.cl\/index.php?rest_route=\/wp\/v2\/users\/2"}],"replies":[{"embeddable":true,"href":"https:\/\/www.radiolimari.cl\/index.php?rest_route=%2Fwp%2Fv2%2Fcomments&post=7385"}],"version-history":[{"count":1,"href":"https:\/\/www.radiolimari.cl\/index.php?rest_route=\/wp\/v2\/posts\/7385\/revisions"}],"predecessor-version":[{"id":7387,"href":"https:\/\/www.radiolimari.cl\/index.php?rest_route=\/wp\/v2\/posts\/7385\/revisions\/7387"}],"wp:featuredmedia":[{"embeddable":true,"href":"https:\/\/www.radiolimari.cl\/index.php?rest_route=\/wp\/v2\/media\/7386"}],"wp:attachment":[{"href":"https:\/\/www.radiolimari.cl\/index.php?rest_route=%2Fwp%2Fv2%2Fmedia&parent=7385"}],"wp:term":[{"taxonomy":"category","embeddable":true,"href":"https:\/\/www.radiolimari.cl\/index.php?rest_route=%2Fwp%2Fv2%2Fcategories&post=7385"},{"taxonomy":"post_tag","embeddable":true,"href":"https:\/\/www.radiolimari.cl\/index.php?rest_route=%2Fwp%2Fv2%2Ftags&post=7385"}],"curies":[{"name":"wp","href":"https:\/\/api.w.org\/{rel}","templated":true}]}}