{"id":7378,"date":"2022-05-27T15:59:38","date_gmt":"2022-05-27T15:59:38","guid":{"rendered":"http:\/\/www.radiolimari.cl\/?p=7378"},"modified":"2022-05-27T15:59:38","modified_gmt":"2022-05-27T15:59:38","slug":"jovenes-en-proceso-de-reinsercion-donan-cuadro-en-reconocimiento-a-la-labor-de-los-funcionarios-del-cesfam-cardenal-raul-silva-henriquez","status":"publish","type":"post","link":"https:\/\/www.radiolimari.cl\/?p=7378","title":{"rendered":"J\u00f3venes en proceso de reinserci\u00f3n donan cuadro en reconocimiento a la labor de los funcionarios del CESFAM Cardenal Ra\u00fal Silva Henr\u00edquez"},"content":{"rendered":"<p><a href=\"https:\/\/www.radiolimari.cl\/wp-content\/uploads\/2022\/05\/27.5-dele-ga-cesfam.jpg\"><img fetchpriority=\"high\" decoding=\"async\" class=\"alignnone size-medium wp-image-7379\" src=\"https:\/\/www.radiolimari.cl\/wp-content\/uploads\/2022\/05\/27.5-dele-ga-cesfam-300x200.jpg\" alt=\"27.5 dele ga cesfam\" width=\"300\" height=\"200\" srcset=\"https:\/\/www.radiolimari.cl\/wp-content\/uploads\/2022\/05\/27.5-dele-ga-cesfam-300x200.jpg 300w, https:\/\/www.radiolimari.cl\/wp-content\/uploads\/2022\/05\/27.5-dele-ga-cesfam-1024x682.jpg 1024w, https:\/\/www.radiolimari.cl\/wp-content\/uploads\/2022\/05\/27.5-dele-ga-cesfam.jpg 1920w\" sizes=\"(max-width: 300px) 100vw, 300px\" \/><\/a><\/p>\n<p>&#8211;\u00a0\u00a0\u00a0\u00a0\u00a0\u00a0\u00a0\u00a0\u00a0 <strong><em>El Delegado Presidencial, Rub\u00e9n Quezada, destac\u00f3 el cuadro realizado en t\u00e9cnica de relieve cer\u00e1mico, como un incentivo a seguir trabajando por el bienestar y la salud de la comunidad. <\/em><\/strong><!--more--><\/p>\n<p>Una forma de retribuir el arduo trabajo desarrollado por los funcionarios y funcionarias de la salud durante la pandemia. Eso representa el mural que hoy est\u00e1 instalado en uno de los pasillos del Centro de Salud Familiar Cardenal Ra\u00fal Silva Henr\u00edquez de Las Compa\u00f1\u00edas, el que fue desarrollado por tres j\u00f3venes en proceso de reinserci\u00f3n social del centro de justicia juvenil del Sename (CIP-CRC La Serena).<\/p>\n<p>Se trata de una donaci\u00f3n a la comunidad del establecimiento de salud, cuya elecci\u00f3n no fue al azar, ya que los adolescentes, pese a la privaci\u00f3n de libertad, se enteraron de la lamentable agresi\u00f3n vivida por los trabajadores de este centro el pasado 19 de abril. Ese fue el motor para crear, en el marco del taller de cer\u00e1mica que funciona dentro del recinto de justicia juvenil, un cuadro en t\u00e9cnica de relieve.<\/p>\n<p>El profesor de taller del CIP-CRC La Serena, Eduardo Berr\u00edos, fue el encargado de representar a los j\u00f3venes que hicieron este regalo a la comunidad. <strong>\u201cQuisieron hacer un trabajo colectivo y en el transcurso decidieron que en vez de venderlo o regalarlo a sus familias quer\u00edan entregarlo al Cesfam, porque es donde ellos se atienden y estaban al tanto de lo que les hab\u00eda sucedido a los funcionarios, entonces les pareci\u00f3 muy oportuno hacer este aporte en positivo por todo el apoyo que le brindan al centro\u201d<\/strong>, confidenci\u00f3 el tambi\u00e9n destacado artista regional.<\/p>\n<p>La obra, de 1.45 metros por 46 cent\u00edmetros, muestra un paisaje andino que representa al pueblo y su m\u00fasica y fue inaugurado en una emotiva ceremonia en la que participaron el Delegado Presidencial, Rub\u00e9n Quezada; el Seremi de Justicia y Derechos Humanos, Rub\u00e9n Garc\u00eda; el Secretario General de la Corporaci\u00f3n Gabriel Gonz\u00e1lez Videla, Ernesto Velasco; la Directora Regional (s) del Sename Coquimbo, Patricia Alfaro; representantes de Afusam La Serena, del Consejo Consultivo y trabajadores del Cesfam.<\/p>\n<p>Durante el descubrimiento del cuadro, que qued\u00f3 ubicado en el mismo lugar donde ocurri\u00f3 la agresi\u00f3n del mes de abril, el Delegado Presidencial Rub\u00e9n Quezada sostuvo que <strong>\u201clas valoraciones por parte de la comunidad, en este caso de los mismos beneficiarios que forman parte de este centro, nos permiten avanzar, levantarnos de circunstancias dif\u00edciles y seguir adelante contra la pandemia, mejorando las condiciones contra las agresiones y teniendo un esp\u00edritu para superar los momentos dif\u00edciles. Quiero transmitir a los j\u00f3venes la deferencia, el cari\u00f1o y el reconocimiento que se est\u00e1 haciendo al Cesfam, ya que regalarlo a esta y no a otra instituci\u00f3n es se\u00f1al de la clara comprensi\u00f3n del trabajo y el esfuerzo que se hace d\u00eda a d\u00eda\u201d<\/strong>.<\/p>\n<p>Asimismo, el Seremi de Justicia y Derechos Humanos, Rub\u00e9n Garc\u00eda, destac\u00f3 que<strong> \u201ceste trabajo surge de la idea de los mismos j\u00f3venes, por lo que eso le da otro valor. Poder aportar a la comunidad y que conozcan tambi\u00e9n sus trabajos es algo sumamente relevante y lo destacamos desde el sector justicia<\/strong>\u201d.<\/p>\n<p>En tanto, el director del Cesfam Cardenal Ra\u00fal Silva Henr\u00edquez, Rodrigo Soto, agreg\u00f3 que <strong>\u201cnosotros lo recibimos como un regalo, como un acto de desagravio por los hechos conocidos por todos. Es una obra hermosa no s\u00f3lo por lo que se ve, sino por el trabajo que hay detr\u00e1s por parte de los j\u00f3venes y de estas dos instituciones que han trabajado durante tanto tiempo juntas. Fue algo inesperado que le caus\u00f3 mucha alegr\u00eda al equipo\u201d<\/strong>, reconoci\u00f3 el profesional.<\/p>\n<p>Sus palabras fueron replicadas por Carlos Fuster, presidente de Asociaci\u00f3n de Funcionarios de Salud de Atenci\u00f3n Primaria (Afusam), quien se\u00f1al\u00f3 que <strong>\u201cla violencia nunca es buena para nadie y los funcionarios, sobre todo en pandemia, han hecho un esfuerzo arduo para dar salud a la poblaci\u00f3n. Estos gestos, que van en favor de los mismos funcionarios y en apoyo a ellos, se agradecen mucho para seguir apoyando a nuestros compa\u00f1eros y para decirle a la comunidad que estamos en pos de ayudarlos y que esto es un trabajo en conjunto\u201d<\/strong>.<\/p>\n<p>Finalmente, el Secretario Regional de la Corporaci\u00f3n Gabriel Gonz\u00e1lez Videla, Ernesto Velasco, puso hincapi\u00e9 en la reinserci\u00f3n. <strong>\u201cLas y los j\u00f3venes que se encuentran en el centro est\u00e1n reconstruyendo sus vidas a trav\u00e9s del arte. Mediante este cuadro ellos est\u00e1n graficando un no a la violencia, un s\u00ed a la vida, a que nos podemos entender de mejor manera y esa es la lecci\u00f3n que nos est\u00e1n dando estos j\u00f3venes que hoy nos dicen que la reinserci\u00f3n es posible\u201d<\/strong>, subray\u00f3.<\/p>\n<p><strong>La obra._<\/strong><\/p>\n<p>El cuadro fue realizado por tres j\u00f3venes, quienes cumplieron distintos roles, tales como dibujar, modelar y ahuecar la arcilla, la cual debe estar en estado maleable para poder lograr las diferentes texturas. Luego se segmenta para que pueda entrar en el horno y una vez que la arcilla ya est\u00e1 cocida, se arma como un rompecabezas y se dan las terminaciones finales, que en el caso de este cuadro fueron 100% naturales, con ahumado y raspado.<\/p>\n","protected":false},"excerpt":{"rendered":"<p>&#8211;\u00a0\u00a0\u00a0\u00a0\u00a0\u00a0\u00a0\u00a0\u00a0 El Delegado Presidencial, Rub\u00e9n Quezada, destac\u00f3 el cuadro realizado en t\u00e9cnica de relieve cer\u00e1mico, como un incentivo a seguir trabajando por el bienestar y la salud de la comunidad.<\/p>\n","protected":false},"author":2,"featured_media":7379,"comment_status":"open","ping_status":"open","sticky":false,"template":"","format":"standard","meta":{"footnotes":""},"categories":[6],"tags":[],"class_list":["post-7378","post","type-post","status-publish","format-standard","has-post-thumbnail","hentry","category-regionales"],"_links":{"self":[{"href":"https:\/\/www.radiolimari.cl\/index.php?rest_route=\/wp\/v2\/posts\/7378","targetHints":{"allow":["GET"]}}],"collection":[{"href":"https:\/\/www.radiolimari.cl\/index.php?rest_route=\/wp\/v2\/posts"}],"about":[{"href":"https:\/\/www.radiolimari.cl\/index.php?rest_route=\/wp\/v2\/types\/post"}],"author":[{"embeddable":true,"href":"https:\/\/www.radiolimari.cl\/index.php?rest_route=\/wp\/v2\/users\/2"}],"replies":[{"embeddable":true,"href":"https:\/\/www.radiolimari.cl\/index.php?rest_route=%2Fwp%2Fv2%2Fcomments&post=7378"}],"version-history":[{"count":1,"href":"https:\/\/www.radiolimari.cl\/index.php?rest_route=\/wp\/v2\/posts\/7378\/revisions"}],"predecessor-version":[{"id":7380,"href":"https:\/\/www.radiolimari.cl\/index.php?rest_route=\/wp\/v2\/posts\/7378\/revisions\/7380"}],"wp:featuredmedia":[{"embeddable":true,"href":"https:\/\/www.radiolimari.cl\/index.php?rest_route=\/wp\/v2\/media\/7379"}],"wp:attachment":[{"href":"https:\/\/www.radiolimari.cl\/index.php?rest_route=%2Fwp%2Fv2%2Fmedia&parent=7378"}],"wp:term":[{"taxonomy":"category","embeddable":true,"href":"https:\/\/www.radiolimari.cl\/index.php?rest_route=%2Fwp%2Fv2%2Fcategories&post=7378"},{"taxonomy":"post_tag","embeddable":true,"href":"https:\/\/www.radiolimari.cl\/index.php?rest_route=%2Fwp%2Fv2%2Ftags&post=7378"}],"curies":[{"name":"wp","href":"https:\/\/api.w.org\/{rel}","templated":true}]}}