{"id":7369,"date":"2022-05-27T13:44:56","date_gmt":"2022-05-27T13:44:56","guid":{"rendered":"http:\/\/www.radiolimari.cl\/?p=7369"},"modified":"2022-05-27T13:44:56","modified_gmt":"2022-05-27T13:44:56","slug":"trabajadoras-de-jardines-infantiles-de-fundacion-integra-reciben-certificacion-de-estudios-universitarios","status":"publish","type":"post","link":"https:\/\/www.radiolimari.cl\/?p=7369","title":{"rendered":"Trabajadoras de jardines infantiles  de Fundaci\u00f3n Integra reciben certificaci\u00f3n de estudios universitarios"},"content":{"rendered":"<p><a href=\"https:\/\/www.radiolimari.cl\/wp-content\/uploads\/2022\/05\/27.5-integra-Tituladas.jpg\"><img fetchpriority=\"high\" decoding=\"async\" class=\"alignnone size-medium wp-image-7370\" src=\"https:\/\/www.radiolimari.cl\/wp-content\/uploads\/2022\/05\/27.5-integra-Tituladas-300x168.jpg\" alt=\"27.5 integra Tituladas\" width=\"300\" height=\"168\" srcset=\"https:\/\/www.radiolimari.cl\/wp-content\/uploads\/2022\/05\/27.5-integra-Tituladas-300x168.jpg 300w, https:\/\/www.radiolimari.cl\/wp-content\/uploads\/2022\/05\/27.5-integra-Tituladas-1024x576.jpg 1024w\" sizes=\"(max-width: 300px) 100vw, 300px\" \/><\/a><\/p>\n<p><strong>24 agentes educativas de la Regi\u00f3n de Coquimbo recibieron su t\u00edtulo de T\u00e9cnico Universitario Asistente de la Educadora de P\u00e1rvulos, en el marco del sistema de formaci\u00f3n Aprendes, de Fundaci\u00f3n Integra.<\/strong><!--more--><\/p>\n<p>En La Serena se llev\u00f3 a cabo la ceremonia de titulaci\u00f3n de las alumnas participantes de la 17\u00b0 Etapa del Programa Crecer M\u00e1s del sistema de formaci\u00f3n nacional Aprendes, de Fundaci\u00f3n Integra.<\/p>\n<p>&nbsp;<\/p>\n<p>Se trata de 24 trabajadoras de salas cuna y jardines infantiles las comunas de Coquimbo, La Serena, Vicu\u00f1a, Ovalle, Salamanca, Punitaqui y Andacollo, quienes cursaron estudios en la Universidad Metropolitana de Ciencias de la Educaci\u00f3n (UMCE) y recibieron el t\u00edtulo que las certifica como T\u00e9cnicos Universitarias Asistentes de la Educadora de P\u00e1rvulos.<\/p>\n<p>Y no es un logro menor, porque si bien siempre emprender un desaf\u00edo como estudiar implica esfuerzos, este grupo de tituladas vivi\u00f3 su proceso en un periodo tan particular y dif\u00edcil como la pandemia de Covid-19.<\/p>\n<p>As\u00ed lo manifest\u00f3 Aylin C\u00e1ceres, agente educativa de la sala cuna y jard\u00edn infantil Rinconcito, de Coquimbo, quien fue elegida por sus docentes como la alumna destacada de su promoci\u00f3n. \u201cEs para m\u00ed un honor estar presente en esta ceremonia de titulaci\u00f3n, ya que este proceso lo vivimos en medio de una pandemia y las dificultades que \u00e9sta ha tra\u00eddo a nivel mundial, lo que de una u otra manera nos signific\u00f3 mayor esfuerzo, constancia y perseverancia. Asimismo, debo mencionar que para m\u00ed en lo personal ha sido un proceso lleno de nuevos conocimientos, aprendizajes y experiencias significativas, tanto personal y como profesionalmente\u201d, dijo.<\/p>\n<p>Susana Veas, Directora Regional (I) de Fundaci\u00f3n Integra, agreg\u00f3 que \u201ctenemos el gran orgullo que un total de 469 trabajadoras de Fundaci\u00f3n Integra en todo el pa\u00eds est\u00e1n celebrando este importante hito en su trayectoria personal y laboral, tanto aqu\u00ed como en otras regiones. En nuestra Regi\u00f3n de Coquimbo son 24 tituladas. Si\u00e9ntanse orgullosas. Si est\u00e1n ac\u00e1 es porque en Integra confiamos en ustedes y sobre todo porque ustedes confiaron en sus capacidades y talentos\u201d, se\u00f1al\u00f3 finalmente.<\/p>\n","protected":false},"excerpt":{"rendered":"<p>24 agentes educativas de la Regi\u00f3n de Coquimbo recibieron su t\u00edtulo de T\u00e9cnico Universitario Asistente de la Educadora de P\u00e1rvulos, en el marco del sistema de formaci\u00f3n Aprendes, de Fundaci\u00f3n Integra.<\/p>\n","protected":false},"author":2,"featured_media":7370,"comment_status":"open","ping_status":"open","sticky":false,"template":"","format":"standard","meta":{"footnotes":""},"categories":[6],"tags":[],"class_list":["post-7369","post","type-post","status-publish","format-standard","has-post-thumbnail","hentry","category-regionales"],"_links":{"self":[{"href":"https:\/\/www.radiolimari.cl\/index.php?rest_route=\/wp\/v2\/posts\/7369","targetHints":{"allow":["GET"]}}],"collection":[{"href":"https:\/\/www.radiolimari.cl\/index.php?rest_route=\/wp\/v2\/posts"}],"about":[{"href":"https:\/\/www.radiolimari.cl\/index.php?rest_route=\/wp\/v2\/types\/post"}],"author":[{"embeddable":true,"href":"https:\/\/www.radiolimari.cl\/index.php?rest_route=\/wp\/v2\/users\/2"}],"replies":[{"embeddable":true,"href":"https:\/\/www.radiolimari.cl\/index.php?rest_route=%2Fwp%2Fv2%2Fcomments&post=7369"}],"version-history":[{"count":1,"href":"https:\/\/www.radiolimari.cl\/index.php?rest_route=\/wp\/v2\/posts\/7369\/revisions"}],"predecessor-version":[{"id":7371,"href":"https:\/\/www.radiolimari.cl\/index.php?rest_route=\/wp\/v2\/posts\/7369\/revisions\/7371"}],"wp:featuredmedia":[{"embeddable":true,"href":"https:\/\/www.radiolimari.cl\/index.php?rest_route=\/wp\/v2\/media\/7370"}],"wp:attachment":[{"href":"https:\/\/www.radiolimari.cl\/index.php?rest_route=%2Fwp%2Fv2%2Fmedia&parent=7369"}],"wp:term":[{"taxonomy":"category","embeddable":true,"href":"https:\/\/www.radiolimari.cl\/index.php?rest_route=%2Fwp%2Fv2%2Fcategories&post=7369"},{"taxonomy":"post_tag","embeddable":true,"href":"https:\/\/www.radiolimari.cl\/index.php?rest_route=%2Fwp%2Fv2%2Ftags&post=7369"}],"curies":[{"name":"wp","href":"https:\/\/api.w.org\/{rel}","templated":true}]}}