{"id":7357,"date":"2022-05-25T17:05:03","date_gmt":"2022-05-25T17:05:03","guid":{"rendered":"http:\/\/www.radiolimari.cl\/?p=7357"},"modified":"2022-05-25T17:05:03","modified_gmt":"2022-05-25T17:05:03","slug":"apicultores-de-zonas-rezagadas-de-la-region-podran-viajar-a-la-feria-mas-grande-del-mundo-que-se-realizara-en-turquia","status":"publish","type":"post","link":"https:\/\/www.radiolimari.cl\/?p=7357","title":{"rendered":"Apicultores de Zonas Rezagadas de la regi\u00f3n podr\u00e1n viajar a la feria m\u00e1s grande del mundo que se realizar\u00e1 en Turqu\u00eda"},"content":{"rendered":"<p><a href=\"https:\/\/www.radiolimari.cl\/wp-content\/uploads\/2022\/05\/25.5-feria-apimondia.jpg\"><img decoding=\"async\" class=\"alignnone size-medium wp-image-7358\" src=\"https:\/\/www.radiolimari.cl\/wp-content\/uploads\/2022\/05\/25.5-feria-apimondia-300x166.jpg\" alt=\"25.5 feria apimondia\" width=\"300\" height=\"166\" srcset=\"https:\/\/www.radiolimari.cl\/wp-content\/uploads\/2022\/05\/25.5-feria-apimondia-300x166.jpg 300w, https:\/\/www.radiolimari.cl\/wp-content\/uploads\/2022\/05\/25.5-feria-apimondia-1024x568.jpg 1024w, https:\/\/www.radiolimari.cl\/wp-content\/uploads\/2022\/05\/25.5-feria-apimondia.jpg 1080w\" sizes=\"(max-width: 300px) 100vw, 300px\" \/><\/a><\/p>\n<p><strong><em>ProChile Coquimbo est\u00e1 desarrollando el proceso de postulaci\u00f3n para que productores de las comunas de Monte Patria, Combarbal\u00e1, Canela y Punitaqui puedan ser parte de la Feria Apimondia, que se llevar\u00e1 a cabo en la ciudad de Estambul.<\/em><\/strong><!--more--><\/p>\n<p>Hasta el 27 de mayo ProChile Coquimbo se encuentra realizando la convocatoria para que los productores ap\u00edcolas con potencial exportador de las comunas de Monte Patria, Combarbal\u00e1, Punitaqui y Canela puedan visitar la Feria Apimondia, el encuentro m\u00e1s importante del sector a nivel mundial y que re\u00fane a representantes de diversos pa\u00edses.<\/p>\n<p>La iniciativa se enmarca y es financiada por el Programa de Gesti\u00f3n Territorial para Zonas Rezagadas, del Gobierno Regional de Coquimbo. Quienes se inscriban y cumplan con los requisitos podr\u00e1n ser parte de la \u201cVisita a Feria Apimondia Turqu\u00eda 2022\u201d, a realizarse en la ciudad de Estambul, Turqu\u00eda entre el 24 y el 28 de agosto.<\/p>\n<p>Paola V\u00e1squez, directora regional de ProChile, detall\u00f3 que durante este viaje los productores locales podr\u00e1n cumplir con una apretada agenda, interactuando con representantes de todo el mundo y conocer sobre las \u00faltimas innovaciones del sector. \u201cPodr\u00e1n asistir a congresos, seminarios, talleres y salidas a terreno. Se convierte en una importante iniciativa de capacitaci\u00f3n e intercambio de conocimiento\u201d, precis\u00f3.<\/p>\n<p>Rodrigo Guti\u00e9rrez, Coordinador del Programa Zonas Rezagadas del Gobierno Regional, manifest\u00f3 que el objetivo de esta iniciativa es que los apicultores de estas comunas \u201cpuedan aprovechar esta tremenda oportunidad para capacitarse y conocer c\u00f3mo se est\u00e1 desarrollando la actividad ap\u00edcola en el mundo; mejorar sus procesos y dar sustentabilidad a sus labores, teniendo como horizonte que, en el futuro, sus productos puedan ser comercializados en el exterior, siempre contando el apoyo de nuestro Gobierno Regional\u201d.<\/p>\n<p>Junto con los representantes de la Regi\u00f3n de Coquimbo, viajar\u00e1n tambi\u00e9n productores de Santiago y El Maule. Adem\u00e1s, desde la Red Ap\u00edcola de Chile Bio Bio se har\u00e1n presentes a trav\u00e9s de un stand.<\/p>\n<p>Esta edici\u00f3n de la Feria Apimondia vuelve a ser presencial, luego de que el 2021 debi\u00f3 ser suspendida por los inconvenientes generados por la pandemia de Covid-19. La novedad es que la pr\u00f3xima versi\u00f3n, 2023, se realizar\u00e1 en nuestro pa\u00eds. Esta noticia es de gran relevancia, porque para convertirse en anfitri\u00f3n se debi\u00f3 sortear un exhaustivo proceso de postulaci\u00f3n.<\/p>\n<p>Carol Acevedo, presidenta de la Red Ap\u00edcola Nacional, luego de conocer la noticia de que Chile ser\u00eda sede de este encuentro manifest\u00f3 que, \u201cestamos felices de poder llevar a Chile, Apimondia 2023, ya que este es el evento internacional ap\u00edcola m\u00e1s importante del mundo y que congrega cient\u00edficos y apicultores de todo el orbe para tratar los principales temas del sector. Han sido a\u00f1os de planificar este proyecto del Chile-Ap\u00edcola y hoy lo hemos hecho realidad junto a todos los actores de la cadena ap\u00edcola de nuestro pa\u00eds por lo que valoramos y agradecemos a todos los que confiaron y lo apoyaron\u201d, precis\u00f3.<\/p>\n<p><strong>\u00bfC\u00f3mo participar?<\/strong><\/p>\n<p>La actividad se llevar\u00e1 a cabo de forma presencial entre el 24 y el 28 de agosto. Los apicultores de estas 4 comunas de la regi\u00f3n que deseen participar deber\u00e1n ingresar sus antecedentes en la p\u00e1gina web www.prochile.gob.cl, secci\u00f3n actividades, hasta el 27 de mayo del presente a\u00f1o a las 13:00 horas. Link: <a href=\"https:\/\/www.prochile.gob.cl\/actividades\/detalle-actividades\/visita-feria-apimondia-turqu%C3%ADa-2022\">https:\/\/www.prochile.gob.cl\/actividades\/detalle-actividades\/visita-feria-apimondia-turqu%C3%ADa-2022<\/a><\/p>\n<p>Podr\u00e1n encontrar m\u00e1s informaci\u00f3n del evento en www.apimondia.org<\/p>\n<p>&nbsp;<\/p>\n","protected":false},"excerpt":{"rendered":"<p>ProChile Coquimbo est\u00e1 desarrollando el proceso de postulaci\u00f3n para que productores de las comunas de Monte Patria, Combarbal\u00e1, Canela y Punitaqui puedan ser parte de la Feria Apimondia, que se llevar\u00e1 a cabo en la ciudad de Estambul.<\/p>\n","protected":false},"author":2,"featured_media":7358,"comment_status":"open","ping_status":"open","sticky":false,"template":"","format":"standard","meta":{"footnotes":""},"categories":[6],"tags":[],"class_list":["post-7357","post","type-post","status-publish","format-standard","has-post-thumbnail","hentry","category-regionales"],"_links":{"self":[{"href":"https:\/\/www.radiolimari.cl\/index.php?rest_route=\/wp\/v2\/posts\/7357","targetHints":{"allow":["GET"]}}],"collection":[{"href":"https:\/\/www.radiolimari.cl\/index.php?rest_route=\/wp\/v2\/posts"}],"about":[{"href":"https:\/\/www.radiolimari.cl\/index.php?rest_route=\/wp\/v2\/types\/post"}],"author":[{"embeddable":true,"href":"https:\/\/www.radiolimari.cl\/index.php?rest_route=\/wp\/v2\/users\/2"}],"replies":[{"embeddable":true,"href":"https:\/\/www.radiolimari.cl\/index.php?rest_route=%2Fwp%2Fv2%2Fcomments&post=7357"}],"version-history":[{"count":1,"href":"https:\/\/www.radiolimari.cl\/index.php?rest_route=\/wp\/v2\/posts\/7357\/revisions"}],"predecessor-version":[{"id":7359,"href":"https:\/\/www.radiolimari.cl\/index.php?rest_route=\/wp\/v2\/posts\/7357\/revisions\/7359"}],"wp:featuredmedia":[{"embeddable":true,"href":"https:\/\/www.radiolimari.cl\/index.php?rest_route=\/wp\/v2\/media\/7358"}],"wp:attachment":[{"href":"https:\/\/www.radiolimari.cl\/index.php?rest_route=%2Fwp%2Fv2%2Fmedia&parent=7357"}],"wp:term":[{"taxonomy":"category","embeddable":true,"href":"https:\/\/www.radiolimari.cl\/index.php?rest_route=%2Fwp%2Fv2%2Fcategories&post=7357"},{"taxonomy":"post_tag","embeddable":true,"href":"https:\/\/www.radiolimari.cl\/index.php?rest_route=%2Fwp%2Fv2%2Ftags&post=7357"}],"curies":[{"name":"wp","href":"https:\/\/api.w.org\/{rel}","templated":true}]}}