{"id":7325,"date":"2022-05-23T21:23:09","date_gmt":"2022-05-23T21:23:09","guid":{"rendered":"http:\/\/www.radiolimari.cl\/?p=7325"},"modified":"2022-05-23T21:23:09","modified_gmt":"2022-05-23T21:23:09","slug":"pdi-detiene-al-segundo-imputado-por-robo-calificado-a-conductor-de-aplicacion-de-ovalle","status":"publish","type":"post","link":"https:\/\/www.radiolimari.cl\/?p=7325","title":{"rendered":"PDI detiene al segundo imputado por robo calificado a conductor de aplicaci\u00f3n de Ovalle"},"content":{"rendered":"<p><a href=\"https:\/\/www.radiolimari.cl\/wp-content\/uploads\/2022\/05\/23.5-pdi-Image-2022-05-21-at-9.37.34-AM.jpeg\"><img fetchpriority=\"high\" decoding=\"async\" class=\"alignnone size-medium wp-image-7326\" src=\"https:\/\/www.radiolimari.cl\/wp-content\/uploads\/2022\/05\/23.5-pdi-Image-2022-05-21-at-9.37.34-AM-300x225.jpeg\" alt=\"23.5 pdi Image 2022-05-21 at 9.37.34 AM\" width=\"300\" height=\"225\" srcset=\"https:\/\/www.radiolimari.cl\/wp-content\/uploads\/2022\/05\/23.5-pdi-Image-2022-05-21-at-9.37.34-AM-300x225.jpeg 300w, https:\/\/www.radiolimari.cl\/wp-content\/uploads\/2022\/05\/23.5-pdi-Image-2022-05-21-at-9.37.34-AM-1024x768.jpeg 1024w, https:\/\/www.radiolimari.cl\/wp-content\/uploads\/2022\/05\/23.5-pdi-Image-2022-05-21-at-9.37.34-AM.jpeg 1600w\" sizes=\"(max-width: 300px) 100vw, 300px\" \/><\/a><\/p>\n<p>Detectives de la Brigada de Investigaci\u00f3n Criminal Ovalle, identificaron a los presuntos responsables de apu\u00f1alar a un conductor informal de pasajeros, para luego robarle su veh\u00edculo.<!--more--><\/p>\n<p>Una pesadilla vivi\u00f3 un joven de 20 a\u00f1os que conduc\u00eda su veh\u00edculo particular y que lo usaba para el transporte informal de pasajeros en la comuna de Ovalle. Dentro de un servicio, dos individuos lo abordaron para robarle el autom\u00f3vil, llevarlo a un sitio eriazo y propinarle diversas pu\u00f1aladas, que lo dejaron gravemente herido y hospitalizado por m\u00e1s de un mes.<\/p>\n<p>Los hechos ocurrieron el 14 de febrero de este a\u00f1o, y luego de diversas t\u00e9cnicas investigativas basadas en un trabajo cient\u00edfico t\u00e9cnico, los detectives identificaron a los presuntos autores del delito de robo calificado, en coordinaci\u00f3n con el Ministerio P\u00fablico.<\/p>\n<p><strong><em>\u201cPersonal de esta unidad, mediante el trabajo de an\u00e1lisis criminal e inteligencia policial, permiti\u00f3 la individualizaci\u00f3n de los 2 imputados por estos delitos, realizando el seguimiento hasta dar con su paradero. Los detectives detienen al primer imputado el 7 de mayo y el segundo involucrado, durante el fin de semana. Ambos fueron puestos a disposici\u00f3n de los tribunales y quedaron en prisi\u00f3n preventiva\u201d, <\/em><\/strong>se\u00f1al\u00f3 el subprefecto Daniel Leal, jefe de la Brigada de Investigaci\u00f3n Criminal Ovalle.<\/p>\n<p>La polic\u00eda civil estableci\u00f3 que el primer detenido, de 27 a\u00f1os, tiene participaci\u00f3n directa como autor intelectual del robo del veh\u00edculo de la v\u00edctima, mientras que el segundo imputado, de 22 a\u00f1os, est\u00e1 vinculado a las diversas lesiones provocadas al conductor, con un arma corto punzante.<\/p>\n<p>Tras la audiencia de formalizaci\u00f3n de cargos, el Juzgado de Garant\u00eda de Ovalle autoriz\u00f3 90 d\u00edas para la investigaci\u00f3n y, a partir de los antecedentes reunidos por los detectives junto a la fiscal\u00eda, los detenidos quedaron en prisi\u00f3n preventiva, por representar un peligro para la sociedad.<\/p>\n","protected":false},"excerpt":{"rendered":"<p>Detectives de la Brigada de Investigaci\u00f3n Criminal Ovalle, identificaron a los presuntos responsables de apu\u00f1alar a un conductor informal de pasajeros, para luego robarle su veh\u00edculo.<\/p>\n","protected":false},"author":2,"featured_media":7326,"comment_status":"open","ping_status":"open","sticky":false,"template":"","format":"standard","meta":{"footnotes":""},"categories":[5],"tags":[],"class_list":["post-7325","post","type-post","status-publish","format-standard","has-post-thumbnail","hentry","category-actualidad-limarina"],"_links":{"self":[{"href":"https:\/\/www.radiolimari.cl\/index.php?rest_route=\/wp\/v2\/posts\/7325","targetHints":{"allow":["GET"]}}],"collection":[{"href":"https:\/\/www.radiolimari.cl\/index.php?rest_route=\/wp\/v2\/posts"}],"about":[{"href":"https:\/\/www.radiolimari.cl\/index.php?rest_route=\/wp\/v2\/types\/post"}],"author":[{"embeddable":true,"href":"https:\/\/www.radiolimari.cl\/index.php?rest_route=\/wp\/v2\/users\/2"}],"replies":[{"embeddable":true,"href":"https:\/\/www.radiolimari.cl\/index.php?rest_route=%2Fwp%2Fv2%2Fcomments&post=7325"}],"version-history":[{"count":1,"href":"https:\/\/www.radiolimari.cl\/index.php?rest_route=\/wp\/v2\/posts\/7325\/revisions"}],"predecessor-version":[{"id":7327,"href":"https:\/\/www.radiolimari.cl\/index.php?rest_route=\/wp\/v2\/posts\/7325\/revisions\/7327"}],"wp:featuredmedia":[{"embeddable":true,"href":"https:\/\/www.radiolimari.cl\/index.php?rest_route=\/wp\/v2\/media\/7326"}],"wp:attachment":[{"href":"https:\/\/www.radiolimari.cl\/index.php?rest_route=%2Fwp%2Fv2%2Fmedia&parent=7325"}],"wp:term":[{"taxonomy":"category","embeddable":true,"href":"https:\/\/www.radiolimari.cl\/index.php?rest_route=%2Fwp%2Fv2%2Fcategories&post=7325"},{"taxonomy":"post_tag","embeddable":true,"href":"https:\/\/www.radiolimari.cl\/index.php?rest_route=%2Fwp%2Fv2%2Ftags&post=7325"}],"curies":[{"name":"wp","href":"https:\/\/api.w.org\/{rel}","templated":true}]}}