{"id":7303,"date":"2022-05-20T14:23:33","date_gmt":"2022-05-20T14:23:33","guid":{"rendered":"http:\/\/www.radiolimari.cl\/?p=7303"},"modified":"2022-05-20T14:23:33","modified_gmt":"2022-05-20T14:23:33","slug":"con-nueve-dias-de-muestras-vuelve-expo-tejedoras-y-lanas-a-open-ovalle","status":"publish","type":"post","link":"https:\/\/www.radiolimari.cl\/?p=7303","title":{"rendered":"Con nueve d\u00edas de muestras: Vuelve \u201cExpo Tejedoras y Lanas\u201d a OPEN Ovalle"},"content":{"rendered":"<p><a href=\"https:\/\/www.radiolimari.cl\/wp-content\/uploads\/2022\/05\/open-plaza-ovalle.jpg\"><img fetchpriority=\"high\" decoding=\"async\" class=\"alignnone size-medium wp-image-7304\" src=\"https:\/\/www.radiolimari.cl\/wp-content\/uploads\/2022\/05\/open-plaza-ovalle-300x168.jpg\" alt=\"open plaza ovalle\" width=\"300\" height=\"168\" srcset=\"https:\/\/www.radiolimari.cl\/wp-content\/uploads\/2022\/05\/open-plaza-ovalle-300x168.jpg 300w, https:\/\/www.radiolimari.cl\/wp-content\/uploads\/2022\/05\/open-plaza-ovalle.jpg 1023w\" sizes=\"(max-width: 300px) 100vw, 300px\" \/><\/a><\/p>\n<p>La tradicional feria de artesanas de la zona estar\u00e1 disponible desde el 20 hasta el 29 de mayo en la Plaza Central del centro comercial.\u00a0<!--more--><\/p>\n<p style=\"font-weight: 400;\">Con el fin de disminuir la baja econ\u00f3mica que ha generado la crisis sanitaria y ayudar a impulsar el comercio local, vuelve a la presencialidad la \u201cExpo Tejedoras y Lanas\u201d. Durante nueve d\u00edas regresar\u00e1 esta exposici\u00f3n de tejidos, trabajos en lana y palillos m\u00e1s reconocida de la regi\u00f3n a OPEN Plaza Ovalle. Los stands se instalar\u00e1n en la Plaza Central del recinto desde las 11 hasta las 18:00 horas, acompa\u00f1ados de m\u00fasica y charlas sobre el origen y el desarrollo de este rubro en Chile.<\/p>\n<p style=\"font-weight: 400;\">\u201cEn OPEN Plaza estamos siempre dispuestos a entregar estos espacios para apoyar a nuestra comunidad y a los emprendedores, para dar visibilidad a su arduo trabajo y que puedan comercializar productos locales en un ambiente seguro. Desde el a\u00f1o 2018 trabajamos juntos en\u00a0 esta exposici\u00f3n en Ovalle; en 2020 se realiz\u00f3 de manera virtual por la crisis sanitaria, pero esta vez volvemos a la presencialidad y aparte llegaremos a otras regiones tambi\u00e9n, porque este panorama ya pas\u00f3 a ser una instancia cultural\u201d, comenta Esteban Nilo, Sub Gerente del centro comercial en Ovalle.<\/p>\n<p style=\"font-weight: 400;\">\n<p style=\"font-weight: 400;\">Los participantes de los stands y actividades corresponden a grupos de la provincia del Limar\u00ed. Entre ellos estar\u00e1n equipos de la comuna de R\u00edo Hurtado, Ovalle, Punitaqui, Monte Patria y Sercotec. Como esta instancia se ha convertido en una experiencia imperdible, se replicar\u00e1 en otras regiones y sucursales de OPEN Plaza, pues llegar\u00e1 entre el 26 y 29 de mayo a La Calera y tambi\u00e9n a Rancagua.<\/p>\n","protected":false},"excerpt":{"rendered":"<p>La tradicional feria de artesanas de la zona estar\u00e1 disponible desde el 20 hasta el 29 de mayo en la Plaza Central del centro comercial.\u00a0<\/p>\n","protected":false},"author":2,"featured_media":7304,"comment_status":"open","ping_status":"open","sticky":false,"template":"","format":"standard","meta":{"footnotes":""},"categories":[6],"tags":[],"class_list":["post-7303","post","type-post","status-publish","format-standard","has-post-thumbnail","hentry","category-regionales"],"_links":{"self":[{"href":"https:\/\/www.radiolimari.cl\/index.php?rest_route=\/wp\/v2\/posts\/7303","targetHints":{"allow":["GET"]}}],"collection":[{"href":"https:\/\/www.radiolimari.cl\/index.php?rest_route=\/wp\/v2\/posts"}],"about":[{"href":"https:\/\/www.radiolimari.cl\/index.php?rest_route=\/wp\/v2\/types\/post"}],"author":[{"embeddable":true,"href":"https:\/\/www.radiolimari.cl\/index.php?rest_route=\/wp\/v2\/users\/2"}],"replies":[{"embeddable":true,"href":"https:\/\/www.radiolimari.cl\/index.php?rest_route=%2Fwp%2Fv2%2Fcomments&post=7303"}],"version-history":[{"count":1,"href":"https:\/\/www.radiolimari.cl\/index.php?rest_route=\/wp\/v2\/posts\/7303\/revisions"}],"predecessor-version":[{"id":7305,"href":"https:\/\/www.radiolimari.cl\/index.php?rest_route=\/wp\/v2\/posts\/7303\/revisions\/7305"}],"wp:featuredmedia":[{"embeddable":true,"href":"https:\/\/www.radiolimari.cl\/index.php?rest_route=\/wp\/v2\/media\/7304"}],"wp:attachment":[{"href":"https:\/\/www.radiolimari.cl\/index.php?rest_route=%2Fwp%2Fv2%2Fmedia&parent=7303"}],"wp:term":[{"taxonomy":"category","embeddable":true,"href":"https:\/\/www.radiolimari.cl\/index.php?rest_route=%2Fwp%2Fv2%2Fcategories&post=7303"},{"taxonomy":"post_tag","embeddable":true,"href":"https:\/\/www.radiolimari.cl\/index.php?rest_route=%2Fwp%2Fv2%2Ftags&post=7303"}],"curies":[{"name":"wp","href":"https:\/\/api.w.org\/{rel}","templated":true}]}}