{"id":7291,"date":"2022-05-19T19:36:11","date_gmt":"2022-05-19T19:36:11","guid":{"rendered":"http:\/\/www.radiolimari.cl\/?p=7291"},"modified":"2022-05-19T19:36:11","modified_gmt":"2022-05-19T19:36:11","slug":"en-ovalle-acto-y-desfile-del-combate-naval-de-iquique-se-realizara-en-la-poblacion-21-de-mayo","status":"publish","type":"post","link":"https:\/\/www.radiolimari.cl\/?p=7291","title":{"rendered":"En Ovalle, Acto y Desfile del Combate Naval de Iquique se realizar\u00e1 en la poblaci\u00f3n 21 de mayo"},"content":{"rendered":"<p><a href=\"https:\/\/www.radiolimari.cl\/wp-content\/uploads\/2022\/05\/19.5-Conmeraci\u00f3n-Glorias-Navales-2022.jpg\"><img fetchpriority=\"high\" decoding=\"async\" class=\"alignnone size-medium wp-image-7292\" src=\"https:\/\/www.radiolimari.cl\/wp-content\/uploads\/2022\/05\/19.5-Conmeraci\u00f3n-Glorias-Navales-2022-300x198.jpg\" alt=\"19.5 Conmeraci\u00f3n Glorias Navales 2022\" width=\"300\" height=\"198\" srcset=\"https:\/\/www.radiolimari.cl\/wp-content\/uploads\/2022\/05\/19.5-Conmeraci\u00f3n-Glorias-Navales-2022-300x198.jpg 300w, https:\/\/www.radiolimari.cl\/wp-content\/uploads\/2022\/05\/19.5-Conmeraci\u00f3n-Glorias-Navales-2022-1024x678.jpg 1024w\" sizes=\"(max-width: 300px) 100vw, 300px\" \/><\/a><\/p>\n<p>&nbsp;<\/p>\n<p><strong><em>La administraci\u00f3n municipal de Ovalle decidi\u00f3 que la ceremonia conmemorativa, de esta importante fecha hist\u00f3rica, se concentrar\u00e1 en la Plaza Esmeralda de la poblaci\u00f3n 21 de mayo. En ocasi\u00f3n, se har\u00e1 un desfile de honor, en el que participar\u00e1n todos los alumnos de la escuela Guardiamarina Ernesto Riquelme Venegas y los portaestandartes de los dem\u00e1s establecimientos de la comuna. <\/em><\/strong><!--more--><\/p>\n<p>El pr\u00f3ximo s\u00e1bado se rendir\u00e1 un homenaje a los h\u00e9roes que lucharon por Chile en el Combate Naval de Iquique en 1879. A diferencia de a\u00f1os anteriores, los actos conmemorativos en Ovalle se concentrar\u00e1n en la Plaza Esmeralda de la poblaci\u00f3n 21 de mayo, puesto que la administraci\u00f3n municipal decidi\u00f3 no realizar el desfile de honor en la Plaza de Armas, con el fin de evitar la alta aglomeraci\u00f3n de personas y posibles contagios de Covid-19.<\/p>\n<p>La jornada se iniciar\u00e1 a partir de las 12 horas con un acto c\u00edvico, en donde se destacar\u00e1 el rol que cumpli\u00f3 cada uno de los subordinados del capit\u00e1n \u00a0Arturo Prat, en medio de la Guerra del Pac\u00edfico, a trav\u00e9s de una representaci\u00f3n que realizar\u00e1 un grupo de alumnos de la escuela Guardiamarina Ernesto Riquelme Venegas.<\/p>\n<p>Recordemos, que esta conmemoraci\u00f3n es una de las tradiciones que se han instalado en la memoria de los ovallinos y que se realizar\u00e1 luego de haber estado suspendida durante dos a\u00f1os, debido a la pandemia provocada por el Covid-19. La elecci\u00f3n del lugar apunta a que la poblaci\u00f3n 21 de mayo es una zona residencial que se identifica con la gesta de Iquique, ya que cada una de sus calles llevan nombres que hacen referencia a este hecho hist\u00f3rico.<\/p>\n<p>\u201cHa sido tradicional que se conmemore esta fecha, porque para nosotros es una fecha muy especial y que nos identifica como establecimiento educacional. Nos estamos preparando para el pr\u00f3ximo s\u00e1bado con mucho compromiso, donde viviremos un momento muy emotivo y que nos permitir\u00e1 dar a conocer la relevancia de este hecho y la importancia de que las nuevas generaciones se impregnen de nuestra historia\u201d indic\u00f3 la directora de la escuela Guardiamarina Ana Mar\u00eda Alcayaga.<\/p>\n<p>Al respecto, el alcalde de Ovalle, Claudio Renter\u00eda indic\u00f3 que como administraci\u00f3n municipal \u201cdecidimos concentrar todas las actividades alusivas al Combate Naval de Iquique en la plaza Esmeralda de la poblaci\u00f3n 21 de mayo, para evitar aglomeraciones de personas en nuestra Plaza de Armas. En esta oportunidad, s\u00f3lo participar\u00e1 la escuela Guardiamarina Ernesto Riquelme Venegas y los portaestandartes de los dem\u00e1s establecimientos educacionales, porque tenemos que recordar que a\u00fan estamos en pandemia y debemos tomar medidas para cuidar la salud de la comunidad local\u201d.<\/p>\n<p>&nbsp;<\/p>\n<p>&nbsp;<\/p>\n","protected":false},"excerpt":{"rendered":"<p>&nbsp; La administraci\u00f3n municipal de Ovalle decidi\u00f3 que la ceremonia conmemorativa, de esta importante fecha hist\u00f3rica, se concentrar\u00e1 en la Plaza Esmeralda de la poblaci\u00f3n 21 de mayo. En ocasi\u00f3n, se har\u00e1 un desfile de honor, en el que participar\u00e1n todos los alumnos de la escuela Guardiamarina Ernesto Riquelme Venegas y los portaestandartes de los &#8230;<\/p>\n","protected":false},"author":2,"featured_media":7292,"comment_status":"open","ping_status":"open","sticky":false,"template":"","format":"standard","meta":{"footnotes":""},"categories":[5],"tags":[],"class_list":["post-7291","post","type-post","status-publish","format-standard","has-post-thumbnail","hentry","category-actualidad-limarina"],"_links":{"self":[{"href":"https:\/\/www.radiolimari.cl\/index.php?rest_route=\/wp\/v2\/posts\/7291","targetHints":{"allow":["GET"]}}],"collection":[{"href":"https:\/\/www.radiolimari.cl\/index.php?rest_route=\/wp\/v2\/posts"}],"about":[{"href":"https:\/\/www.radiolimari.cl\/index.php?rest_route=\/wp\/v2\/types\/post"}],"author":[{"embeddable":true,"href":"https:\/\/www.radiolimari.cl\/index.php?rest_route=\/wp\/v2\/users\/2"}],"replies":[{"embeddable":true,"href":"https:\/\/www.radiolimari.cl\/index.php?rest_route=%2Fwp%2Fv2%2Fcomments&post=7291"}],"version-history":[{"count":1,"href":"https:\/\/www.radiolimari.cl\/index.php?rest_route=\/wp\/v2\/posts\/7291\/revisions"}],"predecessor-version":[{"id":7293,"href":"https:\/\/www.radiolimari.cl\/index.php?rest_route=\/wp\/v2\/posts\/7291\/revisions\/7293"}],"wp:featuredmedia":[{"embeddable":true,"href":"https:\/\/www.radiolimari.cl\/index.php?rest_route=\/wp\/v2\/media\/7292"}],"wp:attachment":[{"href":"https:\/\/www.radiolimari.cl\/index.php?rest_route=%2Fwp%2Fv2%2Fmedia&parent=7291"}],"wp:term":[{"taxonomy":"category","embeddable":true,"href":"https:\/\/www.radiolimari.cl\/index.php?rest_route=%2Fwp%2Fv2%2Fcategories&post=7291"},{"taxonomy":"post_tag","embeddable":true,"href":"https:\/\/www.radiolimari.cl\/index.php?rest_route=%2Fwp%2Fv2%2Ftags&post=7291"}],"curies":[{"name":"wp","href":"https:\/\/api.w.org\/{rel}","templated":true}]}}