{"id":7288,"date":"2022-05-19T18:14:31","date_gmt":"2022-05-19T18:14:31","guid":{"rendered":"http:\/\/www.radiolimari.cl\/?p=7288"},"modified":"2022-05-19T18:14:31","modified_gmt":"2022-05-19T18:14:31","slug":"juzgado-de-garantia-de-ovalle-ordena-la-prision-preventiva-de-imputado-por-homicidio-en-punitaqui","status":"publish","type":"post","link":"https:\/\/www.radiolimari.cl\/?p=7288","title":{"rendered":"Juzgado de Garant\u00eda de Ovalle ordena la prisi\u00f3n preventiva de imputado por homicidio en Punitaqui"},"content":{"rendered":"<p><a href=\"https:\/\/www.radiolimari.cl\/wp-content\/uploads\/2022\/05\/19.5-jgov-formalizaci\u00f3n-homicidio-Punitaqui.jpg\"><img fetchpriority=\"high\" decoding=\"async\" class=\"alignnone size-medium wp-image-7289\" src=\"https:\/\/www.radiolimari.cl\/wp-content\/uploads\/2022\/05\/19.5-jgov-formalizaci\u00f3n-homicidio-Punitaqui-300x179.jpg\" alt=\"19.5 jgov formalizaci\u00f3n homicidio Punitaqui\" width=\"300\" height=\"179\" srcset=\"https:\/\/www.radiolimari.cl\/wp-content\/uploads\/2022\/05\/19.5-jgov-formalizaci\u00f3n-homicidio-Punitaqui-300x179.jpg 300w, https:\/\/www.radiolimari.cl\/wp-content\/uploads\/2022\/05\/19.5-jgov-formalizaci\u00f3n-homicidio-Punitaqui.jpg 967w\" sizes=\"(max-width: 300px) 100vw, 300px\" \/><\/a><\/p>\n<p>El magistrado Dar\u00edo D\u00edaz Pe\u00f1a y Lillo orden\u00f3 el ingreso de C.E.S.B. al Centro de Detenci\u00f3n Preventiva de Ovalle, por considerar que la libertad del imputado constituye un peligro para la seguridad de la sociedad, y por peligro de fuga.<!--more--><\/p>\n<p>El Juzgado de Garant\u00eda de Ovalle dej\u00f3 este jueves 19 de mayo sujeto a la medida cautelar de prisi\u00f3n preventiva a C.E.S.B. imputado por el Ministerio P\u00fablico como autor del delito consumado de homicidio. Il\u00edcito perpetrado entre el martes pasado en el sector la comuna de Punitaqui<\/p>\n<p>En la audiencia de formalizaci\u00f3n (causa rol 1332-2022), el magistrado Dar\u00edo D\u00edaz Pe\u00f1a y Lillo orden\u00f3 el ingreso de C.E.S.B. al Centro de Detenci\u00f3n Preventiva de Ovalle, por considerar que la libertad del imputado constituye un peligro para la seguridad de la sociedad, y por peligro de fuga. Adem\u00e1s, fij\u00f3 en 80 d\u00edas el plazo de investigaci\u00f3n.<\/p>\n<p>Al resolver la privaci\u00f3n de libertad del imputado, el magistrado D\u00edaz Pe\u00f1a y Lillo sostuvo que: \u201cesta tesis de leg\u00edtima defensa me parece que no se puede sostener, ya que hay una primera discusi\u00f3n con agresiones, pero luego cuando la v\u00edctima cae hay una segunda agresi\u00f3n y los testigos no se\u00f1alan que la v\u00edctima est\u00e9 disparando, y si dispar\u00f3 no se dio cuenta que el imputado haya sufrido lesiones; de la din\u00e1mica de los hechos parece que el imputado nunca recibi\u00f3 un disparo o alguna afectaci\u00f3n a su f\u00edsico a pesar de lo cual insisti\u00f3 en esta agresi\u00f3n, que cuando la v\u00edctima est\u00e1 en el piso ya escapa a la posibilidad de defensa, all\u00ed hay un \u00e1nimo de agredir, no de defenderse\u201d.<\/p>\n<p>Seg\u00fan el ente persecutor, el 17 de mayo de 2022 aproximadamente entre las 19.15 horas, en un sitio eriazo de la comuna de Punitaqui, atac\u00f3 con un cuchillo a la v\u00edctima, quien cay\u00f3 al suelo donde lo vuelve a atacar, propin\u00e1ndole diversos cortes que le provocaron una herida cortopenetrante en la pierna izquierda de 9 cm. de largo, otra herida de 7 cm. en la rodilla derecha, y una tercera de 2,5 cm. en sus genitales; siendo auxiliada la v\u00edctima por terceras personas huyendo del lugar y falleciendo posteriormente en el consultorio de Punitaqui a consecuencia de las lesiones propinadas las que le provocaron un shock hipovol\u00e9mico y un paro cardiaco.<\/p>\n<p>&nbsp;<\/p>\n<p>&nbsp;<\/p>\n","protected":false},"excerpt":{"rendered":"<p>El magistrado Dar\u00edo D\u00edaz Pe\u00f1a y Lillo orden\u00f3 el ingreso de C.E.S.B. al Centro de Detenci\u00f3n Preventiva de Ovalle, por considerar que la libertad del imputado constituye un peligro para la seguridad de la sociedad, y por peligro de fuga.<\/p>\n","protected":false},"author":2,"featured_media":7289,"comment_status":"open","ping_status":"open","sticky":false,"template":"","format":"standard","meta":{"footnotes":""},"categories":[5],"tags":[],"class_list":["post-7288","post","type-post","status-publish","format-standard","has-post-thumbnail","hentry","category-actualidad-limarina"],"_links":{"self":[{"href":"https:\/\/www.radiolimari.cl\/index.php?rest_route=\/wp\/v2\/posts\/7288","targetHints":{"allow":["GET"]}}],"collection":[{"href":"https:\/\/www.radiolimari.cl\/index.php?rest_route=\/wp\/v2\/posts"}],"about":[{"href":"https:\/\/www.radiolimari.cl\/index.php?rest_route=\/wp\/v2\/types\/post"}],"author":[{"embeddable":true,"href":"https:\/\/www.radiolimari.cl\/index.php?rest_route=\/wp\/v2\/users\/2"}],"replies":[{"embeddable":true,"href":"https:\/\/www.radiolimari.cl\/index.php?rest_route=%2Fwp%2Fv2%2Fcomments&post=7288"}],"version-history":[{"count":1,"href":"https:\/\/www.radiolimari.cl\/index.php?rest_route=\/wp\/v2\/posts\/7288\/revisions"}],"predecessor-version":[{"id":7290,"href":"https:\/\/www.radiolimari.cl\/index.php?rest_route=\/wp\/v2\/posts\/7288\/revisions\/7290"}],"wp:featuredmedia":[{"embeddable":true,"href":"https:\/\/www.radiolimari.cl\/index.php?rest_route=\/wp\/v2\/media\/7289"}],"wp:attachment":[{"href":"https:\/\/www.radiolimari.cl\/index.php?rest_route=%2Fwp%2Fv2%2Fmedia&parent=7288"}],"wp:term":[{"taxonomy":"category","embeddable":true,"href":"https:\/\/www.radiolimari.cl\/index.php?rest_route=%2Fwp%2Fv2%2Fcategories&post=7288"},{"taxonomy":"post_tag","embeddable":true,"href":"https:\/\/www.radiolimari.cl\/index.php?rest_route=%2Fwp%2Fv2%2Ftags&post=7288"}],"curies":[{"name":"wp","href":"https:\/\/api.w.org\/{rel}","templated":true}]}}