{"id":7285,"date":"2022-05-19T15:54:12","date_gmt":"2022-05-19T15:54:12","guid":{"rendered":"http:\/\/www.radiolimari.cl\/?p=7285"},"modified":"2022-05-19T15:54:12","modified_gmt":"2022-05-19T15:54:12","slug":"diputado-victor-pino-sobre-reajuste-al-ingreso-minimo-es-un-avance-pero-no-es-el-avance-necesario-para-que-las-familias-puedan-vivir-de-forma-mas-digna","status":"publish","type":"post","link":"https:\/\/www.radiolimari.cl\/?p=7285","title":{"rendered":"Diputado V\u00edctor Pino sobre reajuste al ingreso m\u00ednimo: \u201ces un avance, pero no es el avance necesario para que las familias puedan vivir de forma m\u00e1s digna\u201d"},"content":{"rendered":"<p><a href=\"https:\/\/www.radiolimari.cl\/wp-content\/uploads\/2022\/05\/diputado-Victor-Pino.jpg\"><img fetchpriority=\"high\" decoding=\"async\" class=\"alignnone size-medium wp-image-7286\" src=\"https:\/\/www.radiolimari.cl\/wp-content\/uploads\/2022\/05\/diputado-Victor-Pino-300x168.jpg\" alt=\"diputado Victor Pino\" width=\"300\" height=\"168\" srcset=\"https:\/\/www.radiolimari.cl\/wp-content\/uploads\/2022\/05\/diputado-Victor-Pino-300x168.jpg 300w, https:\/\/www.radiolimari.cl\/wp-content\/uploads\/2022\/05\/diputado-Victor-Pino-1024x576.jpg 1024w\" sizes=\"(max-width: 300px) 100vw, 300px\" \/><\/a><\/p>\n<ul>\n<li><strong><em>La autoridad destac\u00f3 que este aumento vendr\u00eda a equiparar la inflaci\u00f3n y el alza del costo de vida en el pa\u00eds.<\/em><\/strong><\/li>\n<\/ul>\n<p><!--more--><\/p>\n<p>Durante la sesi\u00f3n donde se discuti\u00f3 el proyecto de reajuste al ingreso m\u00ednimo, iniciativa que fue aprobada por unanimidad y despachado a ley este martes, el diputado del Partido de La Gente, V\u00edctor Pino Fuentes, se refiri\u00f3 al impacto que tendr\u00e1 esta medida en el bolsillo de los chilenos.<\/p>\n<p>\u201cEste es un avance, pero no es el avance suficiente y necesario para que las familias de nuestro pa\u00eds que reciben este ingreso m\u00ednimo puedan realmente tener una vida m\u00e1s digna de la que han tenido hasta ahora\u201d, indic\u00f3.<\/p>\n<p>Esto debido a la realidad econ\u00f3mica que vive el pa\u00eds, el cual presenta una inflaci\u00f3n hist\u00f3rica que ya alcanza un 10,5%, siendo la m\u00e1s alta que Chile ha tenido en los \u00faltimos 27 a\u00f1os y la quinta mayor entre 17 pa\u00edses de Am\u00e9rica Latina.<\/p>\n<p>\u201cEsta es un alza hist\u00f3rica, pero la inflaci\u00f3n tambi\u00e9n es hist\u00f3rica, por lo tanto, solo se condice con la realidad actual que est\u00e1 enfrentando nuestro pa\u00eds el d\u00eda de hoy, no sobredimensionemos el impacto de la medida, ya que para poder enfrentar esta situaci\u00f3n financiera tenemos que tomar decisiones que vayan de la mano con esa realidad\u201d.<\/p>\n<p>Por lo que el parlamentario hizo un llamado al Gobierno a \u201cdar las respuestas y soluciones a todos los chilenos y responder a las expectativas que dejaron en su \u00e9poca de campa\u00f1a\u201d, finaliz\u00f3.<\/p>\n<p>&nbsp;<\/p>\n<p>&nbsp;<\/p>\n<p>&nbsp;<\/p>\n<p><strong>\u00a0<\/strong><\/p>\n","protected":false},"excerpt":{"rendered":"<p>La autoridad destac\u00f3 que este aumento vendr\u00eda a equiparar la inflaci\u00f3n y el alza del costo de vida en el pa\u00eds.<\/p>\n","protected":false},"author":2,"featured_media":7286,"comment_status":"open","ping_status":"open","sticky":false,"template":"","format":"standard","meta":{"footnotes":""},"categories":[3],"tags":[],"class_list":["post-7285","post","type-post","status-publish","format-standard","has-post-thumbnail","hentry","category-actualidad"],"_links":{"self":[{"href":"https:\/\/www.radiolimari.cl\/index.php?rest_route=\/wp\/v2\/posts\/7285","targetHints":{"allow":["GET"]}}],"collection":[{"href":"https:\/\/www.radiolimari.cl\/index.php?rest_route=\/wp\/v2\/posts"}],"about":[{"href":"https:\/\/www.radiolimari.cl\/index.php?rest_route=\/wp\/v2\/types\/post"}],"author":[{"embeddable":true,"href":"https:\/\/www.radiolimari.cl\/index.php?rest_route=\/wp\/v2\/users\/2"}],"replies":[{"embeddable":true,"href":"https:\/\/www.radiolimari.cl\/index.php?rest_route=%2Fwp%2Fv2%2Fcomments&post=7285"}],"version-history":[{"count":1,"href":"https:\/\/www.radiolimari.cl\/index.php?rest_route=\/wp\/v2\/posts\/7285\/revisions"}],"predecessor-version":[{"id":7287,"href":"https:\/\/www.radiolimari.cl\/index.php?rest_route=\/wp\/v2\/posts\/7285\/revisions\/7287"}],"wp:featuredmedia":[{"embeddable":true,"href":"https:\/\/www.radiolimari.cl\/index.php?rest_route=\/wp\/v2\/media\/7286"}],"wp:attachment":[{"href":"https:\/\/www.radiolimari.cl\/index.php?rest_route=%2Fwp%2Fv2%2Fmedia&parent=7285"}],"wp:term":[{"taxonomy":"category","embeddable":true,"href":"https:\/\/www.radiolimari.cl\/index.php?rest_route=%2Fwp%2Fv2%2Fcategories&post=7285"},{"taxonomy":"post_tag","embeddable":true,"href":"https:\/\/www.radiolimari.cl\/index.php?rest_route=%2Fwp%2Fv2%2Ftags&post=7285"}],"curies":[{"name":"wp","href":"https:\/\/api.w.org\/{rel}","templated":true}]}}