{"id":7281,"date":"2022-05-19T15:46:05","date_gmt":"2022-05-19T15:46:05","guid":{"rendered":"http:\/\/www.radiolimari.cl\/?p=7281"},"modified":"2022-05-19T15:46:05","modified_gmt":"2022-05-19T15:46:05","slug":"familias-de-tulahuen-se-benefician-con-kits-para-lograr-eficiencia-energetica-en-sus-casas","status":"publish","type":"post","link":"https:\/\/www.radiolimari.cl\/?p=7281","title":{"rendered":"Familias de Tulahu\u00e9n se benefician con kits para lograr eficiencia energ\u00e9tica en sus casas"},"content":{"rendered":"<p><a href=\"https:\/\/www.radiolimari.cl\/wp-content\/uploads\/2022\/05\/19.5-energia.jpg\"><img fetchpriority=\"high\" decoding=\"async\" class=\"alignnone size-medium wp-image-7282\" src=\"https:\/\/www.radiolimari.cl\/wp-content\/uploads\/2022\/05\/19.5-energia-300x200.jpg\" alt=\"19.5 energia\" width=\"300\" height=\"200\" srcset=\"https:\/\/www.radiolimari.cl\/wp-content\/uploads\/2022\/05\/19.5-energia-300x200.jpg 300w, https:\/\/www.radiolimari.cl\/wp-content\/uploads\/2022\/05\/19.5-energia-1024x682.jpg 1024w\" sizes=\"(max-width: 300px) 100vw, 300px\" \/><\/a><\/p>\n<p>&nbsp;<\/p>\n<p><span style=\"color: #000000;\">La SEREMI de Energ\u00eda, a trav\u00e9s del programa \u201cCon Buena Energ\u00eda, realiz\u00f3 la primera capacitaci\u00f3n del a\u00f1o, en ahorro energ\u00e9tico, en la localidad de Tulahu\u00e9n de la comuna de Monte Patria, beneficiando a 100 familias para que ahorren en sus cuentas de luz y gas.\u00a0<\/span><!--more--><\/p>\n<p style=\"font-weight: 400;\">La jornada realizada en convenio con la Municipalidad de Monte Patria, en la Escuela Fronteriza Mundo Nuevo de Tulahu\u00e9n, permiti\u00f3 a las vecinas y vecinos aprender a ser m\u00e1s eficientes en el uso de los artefactos el\u00e9ctricos, cuidados en el refrigerador, entre otras recomendaciones. Junto con la charla, los beneficiarios recibieron un kit de 3 ampolletas led, un alargador zapatilla y una gu\u00eda educativa con consejos pr\u00e1cticos que contribuyen a un ahorro anual de 80 mil pesos.<\/p>\n<p style=\"font-weight: 400;\">La Seremi de Energ\u00eda, Mar\u00eda Castillo, destac\u00f3 que \u201cpara nosotros es muy importante realizar esta actividad en una localidad tan alejada de las cabeceras provinciales y regionales, por lo tanto, queremos llegar con este kit e incentivar con la capacitaci\u00f3n y con los consejos a las personas, para que puedan ahorrar en sus casas, en el uso de los electrodom\u00e9sticos y lograr una contribuci\u00f3n en su presupuesto familiar\u201d.<\/p>\n<p style=\"font-weight: 400;\">La actividad cont\u00f3 con la presencia del Alcalde de Monte Patria, Cristian Herrera, quien valor\u00f3 la asistencia de los beneficiarios, debido a que es un ayuda importante que realiza el Ministerio de Energ\u00eda con la entrega de las 3 ampolletas led y el alargador, y que permiten un ahorro permanente en el consumo energ\u00e9tico. Adem\u00e1s, va en la l\u00ednea de lo que hemos venido impulsando, de poder ir generando un desarrollo sustentable de nuestro territorio y hoy m\u00e1s que nunca, con la situaci\u00f3n econ\u00f3mica que estamos viviendo, es importante ir ahorrando en todos los aspectos. Agradecer a la SEREMIA de Energ\u00eda que en esta primera entrega de kit energ\u00e9tico durante el a\u00f1o, est\u00e9n presentes en Tulahu\u00e9n y que se haya escogida nuestra comuna y nuestra localidad\u201d.<\/p>\n<p style=\"font-weight: 400;\">Paola Angel, vecina del sector Mundo Nuevo de Tulahu\u00e9n, agradeci\u00f3 la capacitaci\u00f3n, porque \u201cuno siempre deja los cargadores conectados, el hervidor uno no lo desenchufa y hay varias cosas que uno tiene enchufadas y es un gasto de energ\u00eda\u201d. Asimismo, valor\u00f3 la entrega del kit \u201cporque en las casas no tenemos las led, tenemos de las otras, que consumen m\u00e1s, por lo tanto, es un ahorro para cada familia de Tulahu\u00e9n\u201d.<\/p>\n<p style=\"font-weight: 400;\">El programa est\u00e1 destinado a personas que pertenezcan al Registro Social de Hogares, entre los tramos 0 al 70% de menores ingresos o mayor vulnerabilidad, y que no hayan sido beneficiados por esta iniciativa con anterioridad.<\/p>\n<p>&nbsp;<\/p>\n","protected":false},"excerpt":{"rendered":"<p>&nbsp; La SEREMI de Energ\u00eda, a trav\u00e9s del programa \u201cCon Buena Energ\u00eda, realiz\u00f3 la primera capacitaci\u00f3n del a\u00f1o, en ahorro energ\u00e9tico, en la localidad de Tulahu\u00e9n de la comuna de Monte Patria, beneficiando a 100 familias para que ahorren en sus cuentas de luz y gas.\u00a0<\/p>\n","protected":false},"author":2,"featured_media":7282,"comment_status":"open","ping_status":"open","sticky":false,"template":"","format":"standard","meta":{"footnotes":""},"categories":[5],"tags":[],"class_list":["post-7281","post","type-post","status-publish","format-standard","has-post-thumbnail","hentry","category-actualidad-limarina"],"_links":{"self":[{"href":"https:\/\/www.radiolimari.cl\/index.php?rest_route=\/wp\/v2\/posts\/7281","targetHints":{"allow":["GET"]}}],"collection":[{"href":"https:\/\/www.radiolimari.cl\/index.php?rest_route=\/wp\/v2\/posts"}],"about":[{"href":"https:\/\/www.radiolimari.cl\/index.php?rest_route=\/wp\/v2\/types\/post"}],"author":[{"embeddable":true,"href":"https:\/\/www.radiolimari.cl\/index.php?rest_route=\/wp\/v2\/users\/2"}],"replies":[{"embeddable":true,"href":"https:\/\/www.radiolimari.cl\/index.php?rest_route=%2Fwp%2Fv2%2Fcomments&post=7281"}],"version-history":[{"count":2,"href":"https:\/\/www.radiolimari.cl\/index.php?rest_route=\/wp\/v2\/posts\/7281\/revisions"}],"predecessor-version":[{"id":7284,"href":"https:\/\/www.radiolimari.cl\/index.php?rest_route=\/wp\/v2\/posts\/7281\/revisions\/7284"}],"wp:featuredmedia":[{"embeddable":true,"href":"https:\/\/www.radiolimari.cl\/index.php?rest_route=\/wp\/v2\/media\/7282"}],"wp:attachment":[{"href":"https:\/\/www.radiolimari.cl\/index.php?rest_route=%2Fwp%2Fv2%2Fmedia&parent=7281"}],"wp:term":[{"taxonomy":"category","embeddable":true,"href":"https:\/\/www.radiolimari.cl\/index.php?rest_route=%2Fwp%2Fv2%2Fcategories&post=7281"},{"taxonomy":"post_tag","embeddable":true,"href":"https:\/\/www.radiolimari.cl\/index.php?rest_route=%2Fwp%2Fv2%2Ftags&post=7281"}],"curies":[{"name":"wp","href":"https:\/\/api.w.org\/{rel}","templated":true}]}}