{"id":7272,"date":"2022-05-19T14:23:49","date_gmt":"2022-05-19T14:23:49","guid":{"rendered":"http:\/\/www.radiolimari.cl\/?p=7272"},"modified":"2022-05-19T14:23:49","modified_gmt":"2022-05-19T14:23:49","slug":"club-social-y-deportivo-ovalle-visita-a-los-internos-del-centro-de-detencion-preventiva-en-ovalle","status":"publish","type":"post","link":"https:\/\/www.radiolimari.cl\/?p=7272","title":{"rendered":"Club Social y Deportivo Ovalle visita a los internos del Centro de Detenci\u00f3n Preventiva en Ovalle"},"content":{"rendered":"<p><a href=\"https:\/\/www.radiolimari.cl\/wp-content\/uploads\/2022\/05\/csdo-ovalle.jpg\"><img fetchpriority=\"high\" decoding=\"async\" class=\"alignnone size-medium wp-image-7273\" src=\"https:\/\/www.radiolimari.cl\/wp-content\/uploads\/2022\/05\/csdo-ovalle-300x231.jpg\" alt=\"csdo ovalle\" width=\"300\" height=\"231\" srcset=\"https:\/\/www.radiolimari.cl\/wp-content\/uploads\/2022\/05\/csdo-ovalle-300x231.jpg 300w, https:\/\/www.radiolimari.cl\/wp-content\/uploads\/2022\/05\/csdo-ovalle.jpg 969w\" sizes=\"(max-width: 300px) 100vw, 300px\" \/><\/a><\/p>\n<p><i style=\"color: #222222;\">En la oportunidad, jugadores y cuerpo t\u00e9cnico pudieron compartir y jugar algunos partidos \u00bfEl resultado? S\u00f3lo una an\u00e9cdota.<\/i><!--more--><\/p>\n<div dir=\"auto\" style=\"color: #222222;\">Haciendo honor a su nombre, el Club Social y Deportivo Ovalle se traslad\u00f3 este lunes al Centro de Detenci\u00f3n Preventiva de Ovalle (CDP), para pasar un momento de esparcimiento con los internos que se encuentran cumpliendo condena, en una nueva actividad social.<\/div>\n<div dir=\"auto\" style=\"color: #222222;\"><\/div>\n<div dir=\"auto\" style=\"color: #222222;\">En la ocasi\u00f3n, jugadores y cuerpo t\u00e9cnico compartieron con los privados de libertad, adem\u00e1s de realizar algunos encuentros deportivos.<\/div>\n<div dir=\"auto\" style=\"color: #222222;\"><\/div>\n<div dir=\"auto\" style=\"color: #222222;\">Para los jugadores que componen el Equipo de la Gente fue una gran experiencia. As\u00ed lo comenta Mat\u00edas Ur\u00edzar, delantero y actual goleador del torneo de Tercera B. \u00abFue una vivencia nueva, una nueva realidad y tambi\u00e9n para ellos, que se not\u00f3 que lo disfrutaron\u00bb, a\u00f1adi\u00f3 el 9.<\/div>\n<div dir=\"auto\" style=\"color: #222222;\"><\/div>\n<div dir=\"auto\" style=\"color: #222222;\">Asimismo, \u00c1ngel Cort\u00e9s, t\u00e9cnico del CSDO, agreg\u00f3 que \u00abpoder compartir, ayudar a aquellos que est\u00e1n privados de libertad a salir de la rutina que viven d\u00eda a d\u00eda y que nuestro plantel de jugadores viva y experimente esa realidad creemos que es super importante. En las pr\u00f3ximas semanas volveremos a repetir la experiencia\u00bb.<\/div>\n<div dir=\"auto\" style=\"color: #222222;\"><\/div>\n<div dir=\"auto\" style=\"color: #222222;\"><b>Encuentro versus Huertos Familiares<\/b><\/div>\n<div dir=\"auto\" style=\"color: #222222;\"><\/div>\n<div dir=\"auto\" style=\"color: #222222;\">Este s\u00e1bado el Equipo de la Gente se traslada hasta la comuna de Til Til, en la Regi\u00f3n Metropolitana, para enfrentar a las 20:00 horas a Alianza Huertos Familiares, equipo debutante de la categor\u00eda, encuentro v\u00e1lido por la quinta fecha del torneo de Tercera B.<\/div>\n<div dir=\"auto\" style=\"color: #222222;\"><\/div>\n<div dir=\"auto\" style=\"color: #222222;\">El cuadro ovallino marcha tercero en la tabla de posiciones, con 8 puntos.<\/div>\n","protected":false},"excerpt":{"rendered":"<p>En la oportunidad, jugadores y cuerpo t\u00e9cnico pudieron compartir y jugar algunos partidos \u00bfEl resultado? S\u00f3lo una an\u00e9cdota.<\/p>\n","protected":false},"author":2,"featured_media":7273,"comment_status":"open","ping_status":"open","sticky":false,"template":"","format":"standard","meta":{"footnotes":""},"categories":[3],"tags":[],"class_list":["post-7272","post","type-post","status-publish","format-standard","has-post-thumbnail","hentry","category-actualidad"],"_links":{"self":[{"href":"https:\/\/www.radiolimari.cl\/index.php?rest_route=\/wp\/v2\/posts\/7272","targetHints":{"allow":["GET"]}}],"collection":[{"href":"https:\/\/www.radiolimari.cl\/index.php?rest_route=\/wp\/v2\/posts"}],"about":[{"href":"https:\/\/www.radiolimari.cl\/index.php?rest_route=\/wp\/v2\/types\/post"}],"author":[{"embeddable":true,"href":"https:\/\/www.radiolimari.cl\/index.php?rest_route=\/wp\/v2\/users\/2"}],"replies":[{"embeddable":true,"href":"https:\/\/www.radiolimari.cl\/index.php?rest_route=%2Fwp%2Fv2%2Fcomments&post=7272"}],"version-history":[{"count":1,"href":"https:\/\/www.radiolimari.cl\/index.php?rest_route=\/wp\/v2\/posts\/7272\/revisions"}],"predecessor-version":[{"id":7274,"href":"https:\/\/www.radiolimari.cl\/index.php?rest_route=\/wp\/v2\/posts\/7272\/revisions\/7274"}],"wp:featuredmedia":[{"embeddable":true,"href":"https:\/\/www.radiolimari.cl\/index.php?rest_route=\/wp\/v2\/media\/7273"}],"wp:attachment":[{"href":"https:\/\/www.radiolimari.cl\/index.php?rest_route=%2Fwp%2Fv2%2Fmedia&parent=7272"}],"wp:term":[{"taxonomy":"category","embeddable":true,"href":"https:\/\/www.radiolimari.cl\/index.php?rest_route=%2Fwp%2Fv2%2Fcategories&post=7272"},{"taxonomy":"post_tag","embeddable":true,"href":"https:\/\/www.radiolimari.cl\/index.php?rest_route=%2Fwp%2Fv2%2Ftags&post=7272"}],"curies":[{"name":"wp","href":"https:\/\/api.w.org\/{rel}","templated":true}]}}