{"id":7269,"date":"2022-05-18T19:07:44","date_gmt":"2022-05-18T19:07:44","guid":{"rendered":"http:\/\/www.radiolimari.cl\/?p=7269"},"modified":"2022-05-18T19:07:44","modified_gmt":"2022-05-18T19:07:44","slug":"cge-presentara-querella-por-robo-de-cables-en-ovalle-que-dejo-a-mas-de-800-familias-sin-energia","status":"publish","type":"post","link":"https:\/\/www.radiolimari.cl\/?p=7269","title":{"rendered":"CGE presentar\u00e1 querella por robo de cables en Ovalle que dej\u00f3 a m\u00e1s de 800 familias sin energ\u00eda"},"content":{"rendered":"<p><a href=\"https:\/\/www.radiolimari.cl\/wp-content\/uploads\/2022\/05\/18.5-Robo-de-cables-Ovalle-1.jpeg\"><img fetchpriority=\"high\" decoding=\"async\" class=\"alignnone size-medium wp-image-7270\" src=\"https:\/\/www.radiolimari.cl\/wp-content\/uploads\/2022\/05\/18.5-Robo-de-cables-Ovalle-1-259x300.jpeg\" alt=\"18.5 Robo de cables Ovalle (1)\" width=\"259\" height=\"300\" srcset=\"https:\/\/www.radiolimari.cl\/wp-content\/uploads\/2022\/05\/18.5-Robo-de-cables-Ovalle-1-259x300.jpeg 259w, https:\/\/www.radiolimari.cl\/wp-content\/uploads\/2022\/05\/18.5-Robo-de-cables-Ovalle-1-886x1024.jpeg 886w, https:\/\/www.radiolimari.cl\/wp-content\/uploads\/2022\/05\/18.5-Robo-de-cables-Ovalle-1.jpeg 953w\" sizes=\"(max-width: 259px) 100vw, 259px\" \/><\/a><\/p>\n<p>En la\u00a0 acci\u00f3n delictual se sustrajeron 15 kil\u00f3metros de cable de cobre y se derribaron 29 postes del tendido el\u00e9ctrico. La empresa se coordinar\u00e1 con autoridades para reforzar vigilancia<!--more--><\/p>\n<p>Nuevamente las redes el\u00e9ctricas que posee la compa\u00f1\u00eda CGE en la Regi\u00f3n de Coquimbo fueron foco de bandas delictuales, las que causaron da\u00f1o a las estructuras dispuestas para la distribuci\u00f3n el\u00e9ctrica con la finalidad de sustraer cables de cobre.<\/p>\n<p>La madrugada de este martes, las \u00a0instalaciones que dan suministro el\u00e9ctrico a los sectores de Llanos de Barraza, en la comuna de Ovalle, fueron intervenidas de manera ilegal para robar cable de cobre, derribando 29 postes del tendido el\u00e9ctrico de Media Tensi\u00f3n para robar 15 kil\u00f3metros lineales. Esta acci\u00f3n provoc\u00f3 que 813 familias vieran interrumpido su suministro el\u00e9ctrico.<\/p>\n<p>Gracias al trabajo desplegado por personal de CGE, se logr\u00f3 realizar la transferencia de estos clientes a otro alimentador, recuperando as\u00ed el servicio. No obstante, los trabajos de reconstrucci\u00f3n de la red siniestrada se extender\u00e1n durante varios d\u00edas.<\/p>\n<p>Dentro de las decisiones inmediatas que tom\u00f3 la compa\u00f1\u00eda estuvo proporcionar todos los antecedentes a la PDI y el Ministerio P\u00fablico para presentar una querella, pues este tipo de il\u00edcitos se ha vuelto reiterativo, generando un da\u00f1o a la seguridad y continuidad del suministro el\u00e9ctrico. Con esto se busca establecer responsabilidades en los sujetos que est\u00e1n detr\u00e1s de este delito, adem\u00e1s, \u00a0de determinar el destino y reducci\u00f3n del conductor de cobre que ha sido sustra\u00eddo desde las redes el\u00e9ctricas.<\/p>\n<p>\u201cEste tipo de delito no s\u00f3lo afecta a las instalaciones de distribuci\u00f3n de energ\u00eda, sino que tambi\u00e9n tiene lamentables consecuencias para la calidad de vida de las personas. Por lo mismo, la empresa hace un llamado a la comunidad a denunciar cualquier atentado o intervenci\u00f3n no autorizada en las redes el\u00e9ctricas, con la finalidad de tomar las acciones legales correspondientes a este tipo de delitos, coment\u00f3 Alejandro Aguilera, gerente zonal (s) de Coquimbo\u201d.<\/p>\n<p>Asimismo, CGE anunci\u00f3 que se reunir\u00e1 con las autoridades para implementar soluciones que permitan disminuir las interrupciones de suministro derivadas de estos robos que atentan contra este servicio. \u201cVamos a reforzar nuestro trabajo con las autoridades y las polic\u00edas para elaborar un plan de acci\u00f3n que nos permita aumentar la seguridad en torno a las instalaciones el\u00e9ctricas de distribuci\u00f3n, ya que nuestra principal preocupaci\u00f3n es calidad y continuidad del servicio para nuestros clientes\u201d, se\u00f1al\u00f3 Alejandro Aguilera.<\/p>\n","protected":false},"excerpt":{"rendered":"<p>En la\u00a0 acci\u00f3n delictual se sustrajeron 15 kil\u00f3metros de cable de cobre y se derribaron 29 postes del tendido el\u00e9ctrico. La empresa se coordinar\u00e1 con autoridades para reforzar vigilancia<\/p>\n","protected":false},"author":2,"featured_media":7270,"comment_status":"open","ping_status":"open","sticky":false,"template":"","format":"standard","meta":{"footnotes":""},"categories":[3],"tags":[],"class_list":["post-7269","post","type-post","status-publish","format-standard","has-post-thumbnail","hentry","category-actualidad"],"_links":{"self":[{"href":"https:\/\/www.radiolimari.cl\/index.php?rest_route=\/wp\/v2\/posts\/7269","targetHints":{"allow":["GET"]}}],"collection":[{"href":"https:\/\/www.radiolimari.cl\/index.php?rest_route=\/wp\/v2\/posts"}],"about":[{"href":"https:\/\/www.radiolimari.cl\/index.php?rest_route=\/wp\/v2\/types\/post"}],"author":[{"embeddable":true,"href":"https:\/\/www.radiolimari.cl\/index.php?rest_route=\/wp\/v2\/users\/2"}],"replies":[{"embeddable":true,"href":"https:\/\/www.radiolimari.cl\/index.php?rest_route=%2Fwp%2Fv2%2Fcomments&post=7269"}],"version-history":[{"count":1,"href":"https:\/\/www.radiolimari.cl\/index.php?rest_route=\/wp\/v2\/posts\/7269\/revisions"}],"predecessor-version":[{"id":7271,"href":"https:\/\/www.radiolimari.cl\/index.php?rest_route=\/wp\/v2\/posts\/7269\/revisions\/7271"}],"wp:featuredmedia":[{"embeddable":true,"href":"https:\/\/www.radiolimari.cl\/index.php?rest_route=\/wp\/v2\/media\/7270"}],"wp:attachment":[{"href":"https:\/\/www.radiolimari.cl\/index.php?rest_route=%2Fwp%2Fv2%2Fmedia&parent=7269"}],"wp:term":[{"taxonomy":"category","embeddable":true,"href":"https:\/\/www.radiolimari.cl\/index.php?rest_route=%2Fwp%2Fv2%2Fcategories&post=7269"},{"taxonomy":"post_tag","embeddable":true,"href":"https:\/\/www.radiolimari.cl\/index.php?rest_route=%2Fwp%2Fv2%2Ftags&post=7269"}],"curies":[{"name":"wp","href":"https:\/\/api.w.org\/{rel}","templated":true}]}}