{"id":7266,"date":"2022-05-18T17:51:08","date_gmt":"2022-05-18T17:51:08","guid":{"rendered":"http:\/\/www.radiolimari.cl\/?p=7266"},"modified":"2022-05-18T17:51:08","modified_gmt":"2022-05-18T17:51:08","slug":"14-zonas-rurales-de-ovalle-seran-favorecidas-con-refugios-peatonales-y-acceso-vehicular","status":"publish","type":"post","link":"https:\/\/www.radiolimari.cl\/?p=7266","title":{"rendered":"14 zonas rurales de Ovalle ser\u00e1n favorecidas con refugios peatonales y acceso vehicular"},"content":{"rendered":"<p><a href=\"https:\/\/www.radiolimari.cl\/wp-content\/uploads\/2022\/05\/18.5-Paraderos-sector-rural.jpg\"><img fetchpriority=\"high\" decoding=\"async\" class=\"alignnone size-medium wp-image-7267\" src=\"https:\/\/www.radiolimari.cl\/wp-content\/uploads\/2022\/05\/18.5-Paraderos-sector-rural-300x230.jpg\" alt=\"18.5 Paraderos sector rural\" width=\"300\" height=\"230\" srcset=\"https:\/\/www.radiolimari.cl\/wp-content\/uploads\/2022\/05\/18.5-Paraderos-sector-rural-300x230.jpg 300w, https:\/\/www.radiolimari.cl\/wp-content\/uploads\/2022\/05\/18.5-Paraderos-sector-rural-1024x788.jpg 1024w, https:\/\/www.radiolimari.cl\/wp-content\/uploads\/2022\/05\/18.5-Paraderos-sector-rural.jpg 1173w\" sizes=\"(max-width: 300px) 100vw, 300px\" \/><\/a><\/p>\n<p><strong><em>El proyecto fue presentado por el municipio de Ovalle y financiado por la Subsecretar\u00eda de Desarrollo Regional (SUBDERE), por un monto que supera los 90 millones de pesos. De esta forma, se proteger\u00e1 de las altas temperaturas y precipitaciones a las personas que esperan locomoci\u00f3n colectiva en el sector rural. <\/em><\/strong><!--more--><\/p>\n<p>Con el prop\u00f3sito de proteger la integridad de quienes esperan la locomoci\u00f3n colectiva y el transporte escolar en la zona rural, el municipio de Ovalle realiz\u00f3 un proyecto de construcci\u00f3n de refugios peatonales y bah\u00edas o accesos vehiculares. Esta iniciativa, que se desarroll\u00f3 en dos etapas, fue presentada a recursos del Programa de Mejoramiento Urbano y Equipamiento Comunal de la Subsecretar\u00eda de Desarrollo Regional (SUBDERE) y se adjudic\u00f3 el financiamiento que supera los 90 millones de pesos.<\/p>\n<p>Se trata de estructuras de alba\u00f1iler\u00eda y techumbre de madera, adem\u00e1s de un mobiliario, para que las personas puedan sentarse mientras esperan su locomoci\u00f3n y su respectiva se\u00f1al\u00e9tica de Parada. A esto se suma, un \u00e1rea de vereda y una pista de detenci\u00f3n, para que los veh\u00edculos y buses no tengan problemas para detenerse y tomar pasajeros.<\/p>\n<p>El primero de los proyectos, que se encuentra en ejecuci\u00f3n, tuvo una inversi\u00f3n de $45.441.316 y favoreci\u00f3 a las localidades de Alcones Altos, Barraza, Canelilla Baja, Valdivia de Punilla, Flor del Norte de Talhu\u00e9n, Canelilla Alta y Lorenzo Peralta de Punilla.<\/p>\n<p>La segunda iniciativa que alcanz\u00f3 un financiamiento de $47.249.081, que se encuentra en ejecuci\u00f3n, permitir\u00e1 la habilitaci\u00f3n de estas estructuras en Samo Bajo, El Guindo, Peral Ojo de Agua, Barraza Bajo, El Espinal de Chalinga, Pe\u00f1ablanca y Huamalata.<\/p>\n<p>Al respecto, el alcalde de Ovalle, Claudio Renter\u00eda indic\u00f3 que es muy gratificante \u201cobtener el financiamiento para este tipo de proyectos, porque son muy valorados por nuestra gente del sector rural, ya que de esta forma pueden esperar la locomoci\u00f3n colectiva o transporte escolar en un lugar c\u00f3modo y acondicionado para estos fines\u201d.<\/p>\n","protected":false},"excerpt":{"rendered":"<p>El proyecto fue presentado por el municipio de Ovalle y financiado por la Subsecretar\u00eda de Desarrollo Regional (SUBDERE), por un monto que supera los 90 millones de pesos. De esta forma, se proteger\u00e1 de las altas temperaturas y precipitaciones a las personas que esperan locomoci\u00f3n colectiva en el sector rural.<\/p>\n","protected":false},"author":2,"featured_media":7267,"comment_status":"open","ping_status":"open","sticky":false,"template":"","format":"standard","meta":{"footnotes":""},"categories":[5],"tags":[],"class_list":["post-7266","post","type-post","status-publish","format-standard","has-post-thumbnail","hentry","category-actualidad-limarina"],"_links":{"self":[{"href":"https:\/\/www.radiolimari.cl\/index.php?rest_route=\/wp\/v2\/posts\/7266","targetHints":{"allow":["GET"]}}],"collection":[{"href":"https:\/\/www.radiolimari.cl\/index.php?rest_route=\/wp\/v2\/posts"}],"about":[{"href":"https:\/\/www.radiolimari.cl\/index.php?rest_route=\/wp\/v2\/types\/post"}],"author":[{"embeddable":true,"href":"https:\/\/www.radiolimari.cl\/index.php?rest_route=\/wp\/v2\/users\/2"}],"replies":[{"embeddable":true,"href":"https:\/\/www.radiolimari.cl\/index.php?rest_route=%2Fwp%2Fv2%2Fcomments&post=7266"}],"version-history":[{"count":1,"href":"https:\/\/www.radiolimari.cl\/index.php?rest_route=\/wp\/v2\/posts\/7266\/revisions"}],"predecessor-version":[{"id":7268,"href":"https:\/\/www.radiolimari.cl\/index.php?rest_route=\/wp\/v2\/posts\/7266\/revisions\/7268"}],"wp:featuredmedia":[{"embeddable":true,"href":"https:\/\/www.radiolimari.cl\/index.php?rest_route=\/wp\/v2\/media\/7267"}],"wp:attachment":[{"href":"https:\/\/www.radiolimari.cl\/index.php?rest_route=%2Fwp%2Fv2%2Fmedia&parent=7266"}],"wp:term":[{"taxonomy":"category","embeddable":true,"href":"https:\/\/www.radiolimari.cl\/index.php?rest_route=%2Fwp%2Fv2%2Fcategories&post=7266"},{"taxonomy":"post_tag","embeddable":true,"href":"https:\/\/www.radiolimari.cl\/index.php?rest_route=%2Fwp%2Fv2%2Ftags&post=7266"}],"curies":[{"name":"wp","href":"https:\/\/api.w.org\/{rel}","templated":true}]}}