{"id":7260,"date":"2022-05-17T20:34:10","date_gmt":"2022-05-17T20:34:10","guid":{"rendered":"http:\/\/www.radiolimari.cl\/?p=7260"},"modified":"2022-05-17T20:34:10","modified_gmt":"2022-05-17T20:34:10","slug":"ovalle-conmemoro-el-dia-internacional-del-reciclaje","status":"publish","type":"post","link":"https:\/\/www.radiolimari.cl\/?p=7260","title":{"rendered":"Ovalle conmemor\u00f3 el D\u00eda Internacional del Reciclaje"},"content":{"rendered":"<p><a href=\"https:\/\/www.radiolimari.cl\/wp-content\/uploads\/2022\/05\/17.5-D\u00eda-Internacional-del-Reciclaje-en-Ovalle-2.jpg\"><img fetchpriority=\"high\" decoding=\"async\" class=\"alignnone size-medium wp-image-7261\" src=\"https:\/\/www.radiolimari.cl\/wp-content\/uploads\/2022\/05\/17.5-D\u00eda-Internacional-del-Reciclaje-en-Ovalle-2-300x200.jpg\" alt=\"17.5 D\u00eda Internacional del Reciclaje en Ovalle (2)\" width=\"300\" height=\"200\" srcset=\"https:\/\/www.radiolimari.cl\/wp-content\/uploads\/2022\/05\/17.5-D\u00eda-Internacional-del-Reciclaje-en-Ovalle-2-300x200.jpg 300w, https:\/\/www.radiolimari.cl\/wp-content\/uploads\/2022\/05\/17.5-D\u00eda-Internacional-del-Reciclaje-en-Ovalle-2-1024x682.jpg 1024w, https:\/\/www.radiolimari.cl\/wp-content\/uploads\/2022\/05\/17.5-D\u00eda-Internacional-del-Reciclaje-en-Ovalle-2.jpg 1620w\" sizes=\"(max-width: 300px) 100vw, 300px\" \/><\/a><\/p>\n<p><strong><em>La actividad, organizada por el departamento de Medio Ambiente del municipio de Ovalle, se realiz\u00f3 en el Punto Limpio local y cont\u00f3 con la participaci\u00f3n de autoridades regionales y locales, vecinos, integrantes de la Agrupaci\u00f3n de Recicladores Limar\u00ed Recicla y directores de establecimientos educacionales. <\/em><\/strong><!--more--><\/p>\n<p>El cuidado del medio ambiente es una de las prioridades de la administraci\u00f3n municipal de Ovalle. Es por esta raz\u00f3n, que toma gran importancia la conmemoraci\u00f3n del D\u00eda Internacional del Reciclaje, ya que esta actividad se ha potenciado en la comuna, sobretodo tras la apertura del Centro de Reciclaje Municipal o Punto Limpio local, que signific\u00f3 una inversi\u00f3n municipal de m\u00e1s de 220 millones de pesos. En este lugar los vecinos pueden depositar sin problemas diversos tipos de materiales, para posteriormente ser reutilizados.<\/p>\n<p>La ceremonia de esta importante jornada, se llev\u00f3 a cabo en el Punto Limpio y cont\u00f3 con la presencia de autoridades regionales y locales encabezadas por el seremi de Medio Ambiente, Leonardo Gross y el alcalde de Ovalle, Claudio Renter\u00eda. El prop\u00f3sito principal de esta jornada es potenciar y seguir impulsando a la comunidad a reciclar diversos materiales, como las botellas pl\u00e1sticas, botellas de vidrio, papel, cart\u00f3n, latas de bebidas, tapas de botellas, papel, entre otros elementos.<\/p>\n<p>\u201cHemos asumido un compromiso con el Medio Ambiente y eso lo ratificamos con la puesta en marcha de nuestro Punto Limpio. Queremos que nuestra comuna contribuya con el entorno y para eso realizamos un trabajo diario, para que la comunidad tenga la posibilidad de reciclar diversos tipos de elementos, en primer t\u00e9rmino mediante el trabajo conjunto con los recicladores de base de la Agrupaci\u00f3n Limar\u00ed Recicla y tambi\u00e9n impulsando a la comunidad a dejar diversos residuos en el centro de reciclaje\u201d indic\u00f3 el alcalde de Ovalle, Claudio Renter\u00eda.<\/p>\n<p>El seremi de Medio Ambiente, Leonardo Gross destac\u00f3 la gesti\u00f3n que se est\u00e1 realizando en Ovalle e hizo un llamado a la poblaci\u00f3n local. \u201cOvalle es la comuna que lleva la delantera en estos temas, pero, lamentablemente, existen rincones de la comuna, donde hay una serie de microbasurales. El llamado para los vecinos es que tengamos m\u00e1s conciencia respecto a d\u00f3nde dejamos nuestros residuos y reciclar todos aquellos elementos que podamos reutilizar\u201d.<\/p>\n<p>Adem\u00e1s, dentro de esta jornada se dio a conocer que desde ahora, las familias de la comuna de Ovalle podr\u00e1n depositar en el Punto Limpio, el aceite domiciliario, hecho que es muy importante, puesto que ser\u00e1 una alternativa para reutilizarlo y adem\u00e1s evitar\u00e1 que este l\u00edquido afecte los sistemas sanitarios, ya que es muy da\u00f1ino para los alcantarillados y el agua. \u201cHa sido un proceso muy positivo, porque se han incrementado los recursos econ\u00f3micos y esto se ha traducido en una mayor cobertura y una mejor implementaci\u00f3n, para entregar un mejor servicio\u201d sostuvo el presidente de la Agrupaci\u00f3n Limar\u00ed Recicla, Carlos Miranda.<\/p>\n<p>Este a\u00f1o 2022 se adquirieron 150 nuevos contenedores tipo canastillo, \u201cpuntos que permitir\u00e1n recepcionar envases Pet y fortalecer el programa de reciclaje de botellas pl\u00e1sticas en el sector urbano y a su vez, implementar, por primera vez, la separaci\u00f3n en origen de este residuo, en 20 localidades rurales de nuestra comuna\u201d agreg\u00f3 el encargado del departamento de Medio Ambiente del municipio de Ovalle, Eduardo Pizarro.<\/p>\n<p>Adem\u00e1s, se iniciar\u00e1 un trabajo de concientizaci\u00f3n en los establecimientos municipales con respecto al reciclaje de papel blanco.<\/p>\n","protected":false},"excerpt":{"rendered":"<p>La actividad, organizada por el departamento de Medio Ambiente del municipio de Ovalle, se realiz\u00f3 en el Punto Limpio local y cont\u00f3 con la participaci\u00f3n de autoridades regionales y locales, vecinos, integrantes de la Agrupaci\u00f3n de Recicladores Limar\u00ed Recicla y directores de establecimientos educacionales.<\/p>\n","protected":false},"author":2,"featured_media":7261,"comment_status":"open","ping_status":"open","sticky":false,"template":"","format":"standard","meta":{"footnotes":""},"categories":[5],"tags":[],"class_list":["post-7260","post","type-post","status-publish","format-standard","has-post-thumbnail","hentry","category-actualidad-limarina"],"_links":{"self":[{"href":"https:\/\/www.radiolimari.cl\/index.php?rest_route=\/wp\/v2\/posts\/7260","targetHints":{"allow":["GET"]}}],"collection":[{"href":"https:\/\/www.radiolimari.cl\/index.php?rest_route=\/wp\/v2\/posts"}],"about":[{"href":"https:\/\/www.radiolimari.cl\/index.php?rest_route=\/wp\/v2\/types\/post"}],"author":[{"embeddable":true,"href":"https:\/\/www.radiolimari.cl\/index.php?rest_route=\/wp\/v2\/users\/2"}],"replies":[{"embeddable":true,"href":"https:\/\/www.radiolimari.cl\/index.php?rest_route=%2Fwp%2Fv2%2Fcomments&post=7260"}],"version-history":[{"count":1,"href":"https:\/\/www.radiolimari.cl\/index.php?rest_route=\/wp\/v2\/posts\/7260\/revisions"}],"predecessor-version":[{"id":7262,"href":"https:\/\/www.radiolimari.cl\/index.php?rest_route=\/wp\/v2\/posts\/7260\/revisions\/7262"}],"wp:featuredmedia":[{"embeddable":true,"href":"https:\/\/www.radiolimari.cl\/index.php?rest_route=\/wp\/v2\/media\/7261"}],"wp:attachment":[{"href":"https:\/\/www.radiolimari.cl\/index.php?rest_route=%2Fwp%2Fv2%2Fmedia&parent=7260"}],"wp:term":[{"taxonomy":"category","embeddable":true,"href":"https:\/\/www.radiolimari.cl\/index.php?rest_route=%2Fwp%2Fv2%2Fcategories&post=7260"},{"taxonomy":"post_tag","embeddable":true,"href":"https:\/\/www.radiolimari.cl\/index.php?rest_route=%2Fwp%2Fv2%2Ftags&post=7260"}],"curies":[{"name":"wp","href":"https:\/\/api.w.org\/{rel}","templated":true}]}}