{"id":7257,"date":"2022-05-17T19:33:37","date_gmt":"2022-05-17T19:33:37","guid":{"rendered":"http:\/\/www.radiolimari.cl\/?p=7257"},"modified":"2022-05-17T19:33:37","modified_gmt":"2022-05-17T19:33:37","slug":"sence-pone-a-disposicion-750-cupos-para-cursos-de-capacitacion-digital-en-la-region-de-coquimbo","status":"publish","type":"post","link":"https:\/\/www.radiolimari.cl\/?p=7257","title":{"rendered":"Sence pone a disposici\u00f3n 750 cupos para cursos  de capacitaci\u00f3n digital en la regi\u00f3n de Coquimbo"},"content":{"rendered":"<p><a href=\"https:\/\/www.radiolimari.cl\/wp-content\/uploads\/2022\/05\/17.6-Digitalizate-trabajo.jpeg\"><img fetchpriority=\"high\" decoding=\"async\" class=\"alignnone size-medium wp-image-7258\" src=\"https:\/\/www.radiolimari.cl\/wp-content\/uploads\/2022\/05\/17.6-Digitalizate-trabajo-300x225.jpeg\" alt=\"17.6 Digitalizate trabajo\" width=\"300\" height=\"225\" srcset=\"https:\/\/www.radiolimari.cl\/wp-content\/uploads\/2022\/05\/17.6-Digitalizate-trabajo-300x225.jpeg 300w, https:\/\/www.radiolimari.cl\/wp-content\/uploads\/2022\/05\/17.6-Digitalizate-trabajo.jpeg 1024w\" sizes=\"(max-width: 300px) 100vw, 300px\" \/><\/a><\/p>\n<p><strong><em>Al inicio del curso, la\/el participante recibir\u00e1 una tablet con conexi\u00f3n a internet y la aplicaci\u00f3n del plan formativo del curso a realizar<\/em><\/strong><!--more--><\/p>\n<p>Habilidades digitales para la b\u00fasqueda de empleo y emprendimiento son los cursos que ofrece el Servicio de Capacitaci\u00f3n y Empleo (SENCE) en el programa de capacitaci\u00f3n denominado \u201cDigital\u00edzate para el Trabajo\u201d.<\/p>\n<p>La iniciativa de capacitaci\u00f3n sin costo apoya la disminuci\u00f3n de brechas en competencias digitales, e impulsa el desarrollo laboral la poblaci\u00f3n adulta de Chile a trav\u00e9s del plan formativo Alfabetizaci\u00f3n digital para la b\u00fasqueda de empleo y emprendimiento.<\/p>\n<p>Al respecto la Seremi del Trabajo, Claudia Santander, destac\u00f3 los cursos de capacitaci\u00f3n y las oportunidades que entregan y dijo que \u201cpor medio de esta capacitaci\u00f3n autodirigida, aportamos a resolver, en parte, los \u00a0problemas de quienes no tienen experiencia en el uso de dispositivos electr\u00f3nicos y uso de internet., ayudando de esta forma tambi\u00e9n\u00a0 reducir brechas digitales como un primer paso e impulso para incorporar nuevas\u00a0 habilidades que entreguen herramientas que sean \u00fatiles para el desarrollo personal y la inserci\u00f3n al mundo laboral\u201d.<\/p>\n<p>Carlos Covarrubias director regional del SENCE, explic\u00f3 que \u201calfabetizar digitalmente es una necesidad muy grande y un desaf\u00edo nuestro como servicio, por lo que nos complace poner a disposici\u00f3n m\u00e1s de 750 cupos en la regi\u00f3n, \u00a0esta capacitaci\u00f3n est\u00e1 enfocada principalmente mujeres, las cuales podr\u00e1n aprender a desarrollar tareas b\u00e1sicas como el uso del Tablet,\u00a0 la creaci\u00f3n de un correo electr\u00f3nico, para terminar incluso apoy\u00e1ndose en herramientas de como buscar un trabajo o como desarrollar su propio emprendimiento\u201d.<\/p>\n<p>Al inicio del curso, la o el participante recibir\u00e1 una Tablet con conexi\u00f3n a internet y la aplicaci\u00f3n del plan formativo cargado y listo para ser iniciado. Adem\u00e1s, se har\u00e1 seguimiento al avance del participante en el curso y acompa\u00f1amiento en el proceso de aprendizaje.<\/p>\n<p>Podr\u00e1n participar en el curso personas de 18 a\u00f1os o m\u00e1s que cuenten con c\u00e9dula de identidad vigente y pertenezcan a alguno de los siguientes grupos objetivos:<\/p>\n<p>a) Pertenecer al 80% de la poblaci\u00f3n m\u00e1s vulnerable, de acuerdo con el Registro Social de Hogares o el instrumento de focalizaci\u00f3n que lo reemplace.<\/p>\n<p>b) Estar desocupada\/o (cesantes y personas que buscan trabajo por primera vez).<\/p>\n<p><strong>Se dar\u00e1 preferencia a:<\/strong><\/p>\n<p>a) 60% mujeres que postulen al programa.<\/p>\n<p>b) Personas hasta el 40% de la poblaci\u00f3n m\u00e1s vulnerable, de acuerdo con el Registro Social de Hogares.<\/p>\n<p>&nbsp;<\/p>\n<p>Las postulaciones est\u00e1n disponible en www.Sence.gob.cl<\/p>\n<p>&nbsp;<\/p>\n<p>&nbsp;<\/p>\n<p>&nbsp;<\/p>\n","protected":false},"excerpt":{"rendered":"<p>Al inicio del curso, la\/el participante recibir\u00e1 una tablet con conexi\u00f3n a internet y la aplicaci\u00f3n del plan formativo del curso a realizar<\/p>\n","protected":false},"author":2,"featured_media":7258,"comment_status":"open","ping_status":"open","sticky":false,"template":"","format":"standard","meta":{"footnotes":""},"categories":[6],"tags":[],"class_list":["post-7257","post","type-post","status-publish","format-standard","has-post-thumbnail","hentry","category-regionales"],"_links":{"self":[{"href":"https:\/\/www.radiolimari.cl\/index.php?rest_route=\/wp\/v2\/posts\/7257","targetHints":{"allow":["GET"]}}],"collection":[{"href":"https:\/\/www.radiolimari.cl\/index.php?rest_route=\/wp\/v2\/posts"}],"about":[{"href":"https:\/\/www.radiolimari.cl\/index.php?rest_route=\/wp\/v2\/types\/post"}],"author":[{"embeddable":true,"href":"https:\/\/www.radiolimari.cl\/index.php?rest_route=\/wp\/v2\/users\/2"}],"replies":[{"embeddable":true,"href":"https:\/\/www.radiolimari.cl\/index.php?rest_route=%2Fwp%2Fv2%2Fcomments&post=7257"}],"version-history":[{"count":1,"href":"https:\/\/www.radiolimari.cl\/index.php?rest_route=\/wp\/v2\/posts\/7257\/revisions"}],"predecessor-version":[{"id":7259,"href":"https:\/\/www.radiolimari.cl\/index.php?rest_route=\/wp\/v2\/posts\/7257\/revisions\/7259"}],"wp:featuredmedia":[{"embeddable":true,"href":"https:\/\/www.radiolimari.cl\/index.php?rest_route=\/wp\/v2\/media\/7258"}],"wp:attachment":[{"href":"https:\/\/www.radiolimari.cl\/index.php?rest_route=%2Fwp%2Fv2%2Fmedia&parent=7257"}],"wp:term":[{"taxonomy":"category","embeddable":true,"href":"https:\/\/www.radiolimari.cl\/index.php?rest_route=%2Fwp%2Fv2%2Fcategories&post=7257"},{"taxonomy":"post_tag","embeddable":true,"href":"https:\/\/www.radiolimari.cl\/index.php?rest_route=%2Fwp%2Fv2%2Ftags&post=7257"}],"curies":[{"name":"wp","href":"https:\/\/api.w.org\/{rel}","templated":true}]}}