{"id":7254,"date":"2022-05-17T19:29:14","date_gmt":"2022-05-17T19:29:14","guid":{"rendered":"http:\/\/www.radiolimari.cl\/?p=7254"},"modified":"2022-05-17T19:29:14","modified_gmt":"2022-05-17T19:29:14","slug":"gobierno-y-organizaciones-sociales-comienzan-trabajo-por-los-derechos-lgbtiqa","status":"publish","type":"post","link":"https:\/\/www.radiolimari.cl\/?p=7254","title":{"rendered":"Gobierno y organizaciones sociales comienzan trabajo por los derechos LGBTIQA+"},"content":{"rendered":"<p><a href=\"https:\/\/www.radiolimari.cl\/wp-content\/uploads\/2022\/05\/17.5-sernameg-1.jpg\"><img fetchpriority=\"high\" decoding=\"async\" class=\"alignnone size-medium wp-image-7255\" src=\"https:\/\/www.radiolimari.cl\/wp-content\/uploads\/2022\/05\/17.5-sernameg-1-300x225.jpg\" alt=\"17.5 sernameg 1\" width=\"300\" height=\"225\" srcset=\"https:\/\/www.radiolimari.cl\/wp-content\/uploads\/2022\/05\/17.5-sernameg-1-300x225.jpg 300w, https:\/\/www.radiolimari.cl\/wp-content\/uploads\/2022\/05\/17.5-sernameg-1-1024x768.jpg 1024w, https:\/\/www.radiolimari.cl\/wp-content\/uploads\/2022\/05\/17.5-sernameg-1.jpg 1599w\" sizes=\"(max-width: 300px) 100vw, 300px\" \/><\/a><\/p>\n<p>El izamiento de la bandera de las diversidades en el frontis del Gobierno Regional de Coquimbo y la instalaci\u00f3n de una mesa de trabajo entre el Gobierno y las organizaciones sociales LGBTIQA+, marcaron la conmemoraci\u00f3n del D\u00eda Internacional en Contra de la \u00a0Homofobia, Transfobia y Bifobia. Es hito recuerda cuando el 17 de mayo de 1990 la Organizaci\u00f3n Mundial de la Salud (OMS) dej\u00f3 de considerar la homosexualidad una enfermedad.<!--more--><\/p>\n<p>Las actividades se iniciaron con una peque\u00f1a ceremonia liderada por la Seremi de la Mujer y la Equidad de G\u00e9nero, Mar\u00eda Fernanda Glaser; el Delegado Presidencial Rub\u00e9n Quezada y la Gobernadora Regional, Kris Naranjo junto a otras autoridades de Gobierno y representantes de agrupaciones de la comunidad LGBTIQA+.<\/p>\n<p>Durante la ceremonia se reiter\u00f3 el compromiso del actual Gobierno Feminista del Presidente, Gabriel Boric que es trabajar por el reconocimiento, respeto y dignidad de todas las diversidades y disidencias.<\/p>\n<p><strong>\u201cEs clave que nosotros como Gobierno, siguiendo la profunda convicci\u00f3n que tenemos, podamos entregar todas las herramientas para que\u00a0 se pueda cumplir de vivir en una sociedad donde todos seamos libres, iguales y que no dependa\u00a0 de ninguna otra circunstancia los accesos a los beneficios de la sociedad o el acceso \u00a0a forma una vida feliz\u201d,<\/strong> explic\u00f3 el Delegado Presidencial Regional, Rub\u00e9n Quezada.<\/p>\n<p>Tras el izamiento de la bandera, se conform\u00f3 una mesa de trabajo para abordar las necesidades y demandas de la comunidad de la disidencias y diversidades, <strong>\u201cTal como lo dijo la Ministra, Antonia Orellana es muy importante invitar a las disidencias y las diversidades, a que vean a nuestro Ministerio como una instituci\u00f3n aliada a la que pueden recurrir.\u00a0 Esta mesa de trabajo tiene que\u00a0 ver con visibilizarlas y elaborar un documento donde se se\u00f1alen las distintas rutas que van a tener los organismos\u00a0 del Estado en pol\u00edticas p\u00fablicas inclusivas que tienen que ver\u00a0 con demandas hist\u00f3ricas\u00a0 de la comunidad LGBTIQA+\u201d, <\/strong>se\u00f1al\u00f3 la Seremi de la Mujer y EG, Mar\u00eda Fernanda Glaser<\/p>\n<p>La Gobernadora Regional, Kris Naranjo, agreg\u00f3, <strong>\u201ces un deber nuestro avanzar en esta l\u00ednea de inclusi\u00f3n en cuanto a la diversas de pensamientos y de g\u00e9nero. Creo que hoy podemos generar un avance m\u00e1s certero con las pol\u00edticas p\u00fablicas. Hay que tener una perspectiva de g\u00e9nero m\u00e1s inclusiva que antes\u201d.<\/strong><\/p>\n<p><strong>Mirada de representantes de la comunidad LGBTIQA+<\/strong><\/p>\n<p>Tamara Casado es activista transg\u00e9nero y destac\u00f3 la instalaci\u00f3n de la Mesa de Trabajo, \u201c<strong>por fin invitada a una mesa de trabajo que nunca tuvimos que solamente era\u00a0 izar banderas, irnos para la casa, sacar una foto y tomarnos un caf\u00e9.\u00a0 Espero que esta mesa sea realmente un paso importante para poder avanzar en tem\u00e1ticas trans y de igualdad que tanto tiempo hemos esperado desde vuelta de la democracia\u201d<\/strong><\/p>\n<p>En tanto, la concejala trans de La Serena, Pamela Salom\u00e9 cerr\u00f3 se\u00f1alando, <strong>\u201cnecesitamos principalmente el tema del trabajo, necesitamos pol\u00edticas p\u00fablicas que vayan en beneficio e la comunidad trans, sin embargo, este Gobierno\u00a0 ha dado tremendas se\u00f1ales de eso. Imag\u00ednate\u00a0 que bueno haber izado la bandera trans con todas las autoridades presentes\u00a0 y eso es un gran avance\u201d.<\/strong><\/p>\n<p>&nbsp;<\/p>\n","protected":false},"excerpt":{"rendered":"<p>El izamiento de la bandera de las diversidades en el frontis del Gobierno Regional de Coquimbo y la instalaci\u00f3n de una mesa de trabajo entre el Gobierno y las organizaciones sociales LGBTIQA+, marcaron la conmemoraci\u00f3n del D\u00eda Internacional en Contra de la \u00a0Homofobia, Transfobia y Bifobia. Es hito recuerda cuando el 17 de mayo de &#8230;<\/p>\n","protected":false},"author":2,"featured_media":7255,"comment_status":"open","ping_status":"open","sticky":false,"template":"","format":"standard","meta":{"footnotes":""},"categories":[6],"tags":[],"class_list":["post-7254","post","type-post","status-publish","format-standard","has-post-thumbnail","hentry","category-regionales"],"_links":{"self":[{"href":"https:\/\/www.radiolimari.cl\/index.php?rest_route=\/wp\/v2\/posts\/7254","targetHints":{"allow":["GET"]}}],"collection":[{"href":"https:\/\/www.radiolimari.cl\/index.php?rest_route=\/wp\/v2\/posts"}],"about":[{"href":"https:\/\/www.radiolimari.cl\/index.php?rest_route=\/wp\/v2\/types\/post"}],"author":[{"embeddable":true,"href":"https:\/\/www.radiolimari.cl\/index.php?rest_route=\/wp\/v2\/users\/2"}],"replies":[{"embeddable":true,"href":"https:\/\/www.radiolimari.cl\/index.php?rest_route=%2Fwp%2Fv2%2Fcomments&post=7254"}],"version-history":[{"count":1,"href":"https:\/\/www.radiolimari.cl\/index.php?rest_route=\/wp\/v2\/posts\/7254\/revisions"}],"predecessor-version":[{"id":7256,"href":"https:\/\/www.radiolimari.cl\/index.php?rest_route=\/wp\/v2\/posts\/7254\/revisions\/7256"}],"wp:featuredmedia":[{"embeddable":true,"href":"https:\/\/www.radiolimari.cl\/index.php?rest_route=\/wp\/v2\/media\/7255"}],"wp:attachment":[{"href":"https:\/\/www.radiolimari.cl\/index.php?rest_route=%2Fwp%2Fv2%2Fmedia&parent=7254"}],"wp:term":[{"taxonomy":"category","embeddable":true,"href":"https:\/\/www.radiolimari.cl\/index.php?rest_route=%2Fwp%2Fv2%2Fcategories&post=7254"},{"taxonomy":"post_tag","embeddable":true,"href":"https:\/\/www.radiolimari.cl\/index.php?rest_route=%2Fwp%2Fv2%2Ftags&post=7254"}],"curies":[{"name":"wp","href":"https:\/\/api.w.org\/{rel}","templated":true}]}}