{"id":7248,"date":"2022-05-17T15:19:24","date_gmt":"2022-05-17T15:19:24","guid":{"rendered":"http:\/\/www.radiolimari.cl\/?p=7248"},"modified":"2022-05-17T15:19:24","modified_gmt":"2022-05-17T15:19:24","slug":"anuncian-plan-de-examenes-preventivos-de-salud-para-crianceros-de-la-provincia-de-limari","status":"publish","type":"post","link":"https:\/\/www.radiolimari.cl\/?p=7248","title":{"rendered":"Anuncian plan de ex\u00e1menes preventivos de salud para crianceros de la provincia de Limar\u00ed"},"content":{"rendered":"<p><a href=\"https:\/\/www.radiolimari.cl\/wp-content\/uploads\/2022\/05\/17.5-PLAN-DE-SALUD-CRIANCEROS-DPP-LIMARI-4.jpeg\"><img fetchpriority=\"high\" decoding=\"async\" class=\"alignnone size-medium wp-image-7249\" src=\"https:\/\/www.radiolimari.cl\/wp-content\/uploads\/2022\/05\/17.5-PLAN-DE-SALUD-CRIANCEROS-DPP-LIMARI-4-300x225.jpeg\" alt=\"17.5 PLAN DE SALUD CRIANCEROS DPP LIMARI (4)\" width=\"300\" height=\"225\" srcset=\"https:\/\/www.radiolimari.cl\/wp-content\/uploads\/2022\/05\/17.5-PLAN-DE-SALUD-CRIANCEROS-DPP-LIMARI-4-300x225.jpeg 300w, https:\/\/www.radiolimari.cl\/wp-content\/uploads\/2022\/05\/17.5-PLAN-DE-SALUD-CRIANCEROS-DPP-LIMARI-4.jpeg 1024w\" sizes=\"(max-width: 300px) 100vw, 300px\" \/><\/a><\/p>\n<p><strong><em>Autoridades buscan abordar de manera integral las problem\u00e1ticas de crianceros en la zona.<\/em><\/strong><!--more--><\/p>\n<p>Un importante anuncio se realiz\u00f3 durante la reuni\u00f3n sostenida entre representantes de gremios de crianceros de Limar\u00ed, el Delegado Presidencial Provincial de Limar\u00ed Galo Luna Penna, la Seremi de Salud, Paola Salas y\u00a0 Carabineros de la prefectura Limar\u00ed-Choapa. Se trata del anuncio de la pronta ejecuci\u00f3n de un plan de ex\u00e1menes preventivos de salud especialmente enfocado en los crianceros y crianceras de la provincia de Limar\u00ed, a fin de mantener un constante seguimiento de su estado de salud y acompa\u00f1ar en los tratamientos que requieran.<\/p>\n<p>La SEREMI de Salud Paola Salas, explic\u00f3 que \u201cesta gesti\u00f3n la estamos realizando en conjunto con el Servicio de Salud y que incluye espec\u00edficamente ex\u00e1menes de glicemia, toma de presi\u00f3n arterial, estado nutricional, identificaci\u00f3n de consumo de tabaco y alcohol, colesterol, cardiogramas y detecci\u00f3n de enfermedades como tuberculosis y chagas\u201d.<\/p>\n<p>La Delegaci\u00f3n Presidencial Provincial de Limar\u00ed lleva adelante un trabajo regular con los crianceros de la provincia para abordar integralmente sus requerimientos. As\u00ed lo explica el Delegado Presidencial Provincial de Limar\u00ed, Galo Luna Penna \u201chemos establecido reunirnos regularmente con el rubro criancero de la provincia. En una reuni\u00f3n anterior, hab\u00edamos tocado algunas problem\u00e1ticas de quienes hacen trashumancia, debido a los accidentes lamentables que hemos tenido este a\u00f1o y que han afectado a crianceros. De este modo hemos logrado a trav\u00e9s de la SEREMI y Servicio de Salud establecer un programa de ex\u00e1menes preventivos para ellos y de este modo ir abordando de manera integral sus requerimientos\u201d.<\/p>\n<p><strong>Seguridad P\u00fablica tambi\u00e9n es prioridad para los crianceros<\/strong><\/p>\n<p>Otra de la problem\u00e1ticas planteadas por los trabajadores del rubro caprino es la seguridad p\u00fablica. Seg\u00fan explica el Delegado Galo Luna Penna \u201cen esta reuni\u00f3n tambi\u00e9n pudimos conversar con carabineros de retenes fronterizos, para abordar las situaciones asociadas a seguridad p\u00fablica que nos hab\u00edan planteado los crianceros, quienes se han visto afectados en este \u00faltimo tiempo a ra\u00edz de algunos actos delictivos, como el narcotr\u00e1fico por ejemplo\u201d.<\/p>\n<p>Por su parte del Prefecto de Limar\u00ed-Chiapa Luis Martinez se refiri\u00f3 a este punto, indicando que \u201cquiero agradecer la invitaci\u00f3n que tuvimos de participar como Carabineros en esta importante reuni\u00f3n con los representantes de crianceros de nuestra provincia, donde pudimos recoger varias de sus inquietudes y tambi\u00e9n pudimos reafirmar nuestro compromiso con ellos, ya que es muy importante que mantengamos una constante coordinaci\u00f3n, especialmente para resguardar su seguridad cuando suben a la alta monta\u00f1a o ante cualquier eventualidad que ocurra en los sectores m\u00e1s apartados y as\u00ed poder actuar en caso que sea necesario\u201d.<\/p>\n","protected":false},"excerpt":{"rendered":"<p>Autoridades buscan abordar de manera integral las problem\u00e1ticas de crianceros en la zona.<\/p>\n","protected":false},"author":2,"featured_media":7249,"comment_status":"open","ping_status":"open","sticky":false,"template":"","format":"standard","meta":{"footnotes":""},"categories":[5],"tags":[],"class_list":["post-7248","post","type-post","status-publish","format-standard","has-post-thumbnail","hentry","category-actualidad-limarina"],"_links":{"self":[{"href":"https:\/\/www.radiolimari.cl\/index.php?rest_route=\/wp\/v2\/posts\/7248","targetHints":{"allow":["GET"]}}],"collection":[{"href":"https:\/\/www.radiolimari.cl\/index.php?rest_route=\/wp\/v2\/posts"}],"about":[{"href":"https:\/\/www.radiolimari.cl\/index.php?rest_route=\/wp\/v2\/types\/post"}],"author":[{"embeddable":true,"href":"https:\/\/www.radiolimari.cl\/index.php?rest_route=\/wp\/v2\/users\/2"}],"replies":[{"embeddable":true,"href":"https:\/\/www.radiolimari.cl\/index.php?rest_route=%2Fwp%2Fv2%2Fcomments&post=7248"}],"version-history":[{"count":1,"href":"https:\/\/www.radiolimari.cl\/index.php?rest_route=\/wp\/v2\/posts\/7248\/revisions"}],"predecessor-version":[{"id":7250,"href":"https:\/\/www.radiolimari.cl\/index.php?rest_route=\/wp\/v2\/posts\/7248\/revisions\/7250"}],"wp:featuredmedia":[{"embeddable":true,"href":"https:\/\/www.radiolimari.cl\/index.php?rest_route=\/wp\/v2\/media\/7249"}],"wp:attachment":[{"href":"https:\/\/www.radiolimari.cl\/index.php?rest_route=%2Fwp%2Fv2%2Fmedia&parent=7248"}],"wp:term":[{"taxonomy":"category","embeddable":true,"href":"https:\/\/www.radiolimari.cl\/index.php?rest_route=%2Fwp%2Fv2%2Fcategories&post=7248"},{"taxonomy":"post_tag","embeddable":true,"href":"https:\/\/www.radiolimari.cl\/index.php?rest_route=%2Fwp%2Fv2%2Ftags&post=7248"}],"curies":[{"name":"wp","href":"https:\/\/api.w.org\/{rel}","templated":true}]}}