{"id":7234,"date":"2022-05-12T16:37:28","date_gmt":"2022-05-12T16:37:28","guid":{"rendered":"http:\/\/www.radiolimari.cl\/?p=7234"},"modified":"2022-05-12T16:37:37","modified_gmt":"2022-05-12T16:37:37","slug":"vive-el-eclipse-lunar-en-los-cielos-mas-oscuros-de-rio-hurtado","status":"publish","type":"post","link":"https:\/\/www.radiolimari.cl\/?p=7234","title":{"rendered":"VIVE EL ECLIPSE LUNAR EN  LOS CIELOS M\u00c1S OSCUROS DE R\u00cdO  HURTADO"},"content":{"rendered":"<p><a href=\"https:\/\/www.radiolimari.cl\/wp-content\/uploads\/2022\/05\/eclipse.jpg\"><img fetchpriority=\"high\" decoding=\"async\" class=\"alignnone size-medium wp-image-7235\" src=\"https:\/\/www.radiolimari.cl\/wp-content\/uploads\/2022\/05\/eclipse-300x300.jpg\" alt=\"eclipse\" width=\"300\" height=\"300\" srcset=\"https:\/\/www.radiolimari.cl\/wp-content\/uploads\/2022\/05\/eclipse-300x300.jpg 300w, https:\/\/www.radiolimari.cl\/wp-content\/uploads\/2022\/05\/eclipse-150x150.jpg 150w, https:\/\/www.radiolimari.cl\/wp-content\/uploads\/2022\/05\/eclipse-1024x1024.jpg 1024w, https:\/\/www.radiolimari.cl\/wp-content\/uploads\/2022\/05\/eclipse-70x70.jpg 70w, https:\/\/www.radiolimari.cl\/wp-content\/uploads\/2022\/05\/eclipse.jpg 1500w\" sizes=\"(max-width: 300px) 100vw, 300px\" \/><\/a><\/p>\n<p><span style=\"color: #050505;\">Este domingo 15 de Mayo se podr\u00e1 apreciar un eclipse lunar total que adem\u00e1s te\u00f1ir\u00e1 de rojo al sat\u00e9lite, produciendo el fen\u00f3meno com\u00fanmente conocido como Superluna de Sangre. <\/span><!--more--><\/p>\n<div class=\"cxmmr5t8 oygrvhab hcukyx3x c1et5uql o9v6fnle ii04i59q\">\n<div dir=\"auto\">La Municipaidad de R\u00edo Hurtado invita\u00a0\u00a0a partir de las 20.30 horas del domingo 15 de mayo , en el Complejo deportivo Eduard Pizarro Mar\u00edn, de la localidad de Pichasca, Comuna de R\u00edo Hurtado, a maravillarse de este espect\u00e1culo natural.<\/div>\n<div dir=\"auto\"><\/div>\n<\/div>\n<div class=\"cxmmr5t8 oygrvhab hcukyx3x c1et5uql o9v6fnle ii04i59q\">\n<div dir=\"auto\">la entrada ser\u00e1 Entrada Gratuita, habr\u00e1n telescopios, si quieres llevas el tuyo y lo necesario para pasar una grata noche<\/div>\n<div dir=\"auto\"><\/div>\n<\/div>\n<div class=\"cxmmr5t8 oygrvhab hcukyx3x c1et5uql o9v6fnle ii04i59q\">\n<div dir=\"auto\">Habra Charlas con especialistas, y m\u00fasica de saxo EN VIVO a las 21:00 horas para vivir este incre\u00edble momento.<\/div>\n<\/div>\n<div class=\"cxmmr5t8 oygrvhab hcukyx3x c1et5uql o9v6fnle ii04i59q\">\n<div dir=\"auto\">R\u00edo Hurtado trabajando para certificar los cielos m\u00e1s oscuros de Chile<\/div>\n<div dir=\"auto\"><\/div>\n<\/div>\n<div class=\"cxmmr5t8 oygrvhab hcukyx3x c1et5uql o9v6fnle ii04i59q\">\n<div dir=\"auto\">PROGRAMA<\/div>\n<div dir=\"auto\">20:30 horas INICIO ACTIVIDAD<\/div>\n<div dir=\"auto\">21:00 horas Presentaci\u00f3n de saxofonista<\/div>\n<div dir=\"auto\">21.30 horas Charla cuidados de los cielos, de la contaminaci\u00f3n lum\u00ednica<\/div>\n<div dir=\"auto\">22:00 horas Inicio de observaci\u00f3n guiada de Eclipse Lunar.<\/div>\n<div dir=\"auto\"><\/div>\n<\/div>\n<div class=\"cxmmr5t8 oygrvhab hcukyx3x c1et5uql o9v6fnle ii04i59q\">\n<div dir=\"auto\">\u00bfA qu\u00e9 hora podremos observar el eclipse de luna?<\/div>\n<div dir=\"auto\">En Chile, el eclipse comenzar\u00e1 poco despu\u00e9s de las 21:30 h del d\u00eda 15.<\/div>\n<\/div>\n<div class=\"cxmmr5t8 oygrvhab hcukyx3x c1et5uql o9v6fnle ii04i59q\">\n<div dir=\"auto\">El per\u00edodo entre el comienzo y el final de todas las fases del eclipse ser\u00e1 de 5 horas y 19 minutos.<\/div>\n<div dir=\"auto\"><\/div>\n<\/div>\n<div class=\"cxmmr5t8 oygrvhab hcukyx3x c1et5uql o9v6fnle ii04i59q\">\n<div dir=\"auto\">Una vez iniciada su fase total, tendr\u00e1 una duraci\u00f3n total de 1 hora y 25 minutos.<\/div>\n<\/div>\n<div class=\"cxmmr5t8 oygrvhab hcukyx3x c1et5uql o9v6fnle ii04i59q\">\n<div dir=\"auto\">23:29 hrs Comienza el eclipse total. La Luna se volver\u00e1 de un rojo cobrizo.<\/div>\n<\/div>\n<div class=\"cxmmr5t8 oygrvhab hcukyx3x c1et5uql o9v6fnle ii04i59q\">\n<div dir=\"auto\">Para ir a ver un espect\u00e1culo astron\u00f3mico, es preciso llevar lo justo y necesario,<\/div>\n<\/div>\n<div class=\"cxmmr5t8 oygrvhab hcukyx3x c1et5uql o9v6fnle ii04i59q\">\n<div dir=\"auto\">Se recomienda<\/div>\n<div dir=\"auto\">Ropa gruesa o abrigos<\/div>\n<div dir=\"auto\">Y sobre todo, tener mucha paciencia&#8230;<\/div>\n<\/div>\n","protected":false},"excerpt":{"rendered":"<p>Este domingo 15 de Mayo se podr\u00e1 apreciar un eclipse lunar total que adem\u00e1s te\u00f1ir\u00e1 de rojo al sat\u00e9lite, produciendo el fen\u00f3meno com\u00fanmente conocido como Superluna de Sangre.<\/p>\n","protected":false},"author":2,"featured_media":7235,"comment_status":"open","ping_status":"open","sticky":false,"template":"","format":"standard","meta":{"footnotes":""},"categories":[3],"tags":[],"class_list":["post-7234","post","type-post","status-publish","format-standard","has-post-thumbnail","hentry","category-actualidad"],"_links":{"self":[{"href":"https:\/\/www.radiolimari.cl\/index.php?rest_route=\/wp\/v2\/posts\/7234","targetHints":{"allow":["GET"]}}],"collection":[{"href":"https:\/\/www.radiolimari.cl\/index.php?rest_route=\/wp\/v2\/posts"}],"about":[{"href":"https:\/\/www.radiolimari.cl\/index.php?rest_route=\/wp\/v2\/types\/post"}],"author":[{"embeddable":true,"href":"https:\/\/www.radiolimari.cl\/index.php?rest_route=\/wp\/v2\/users\/2"}],"replies":[{"embeddable":true,"href":"https:\/\/www.radiolimari.cl\/index.php?rest_route=%2Fwp%2Fv2%2Fcomments&post=7234"}],"version-history":[{"count":1,"href":"https:\/\/www.radiolimari.cl\/index.php?rest_route=\/wp\/v2\/posts\/7234\/revisions"}],"predecessor-version":[{"id":7236,"href":"https:\/\/www.radiolimari.cl\/index.php?rest_route=\/wp\/v2\/posts\/7234\/revisions\/7236"}],"wp:featuredmedia":[{"embeddable":true,"href":"https:\/\/www.radiolimari.cl\/index.php?rest_route=\/wp\/v2\/media\/7235"}],"wp:attachment":[{"href":"https:\/\/www.radiolimari.cl\/index.php?rest_route=%2Fwp%2Fv2%2Fmedia&parent=7234"}],"wp:term":[{"taxonomy":"category","embeddable":true,"href":"https:\/\/www.radiolimari.cl\/index.php?rest_route=%2Fwp%2Fv2%2Fcategories&post=7234"},{"taxonomy":"post_tag","embeddable":true,"href":"https:\/\/www.radiolimari.cl\/index.php?rest_route=%2Fwp%2Fv2%2Ftags&post=7234"}],"curies":[{"name":"wp","href":"https:\/\/api.w.org\/{rel}","templated":true}]}}