{"id":7231,"date":"2022-05-12T15:05:59","date_gmt":"2022-05-12T15:05:59","guid":{"rendered":"http:\/\/www.radiolimari.cl\/?p=7231"},"modified":"2022-05-12T15:05:59","modified_gmt":"2022-05-12T15:05:59","slug":"monte-patria-celebro-el-dia-nacional-del-teatro-con-obra-familiar","status":"publish","type":"post","link":"https:\/\/www.radiolimari.cl\/?p=7231","title":{"rendered":"Monte Patria celebr\u00f3 el D\u00eda Nacional del Teatro con obra familiar"},"content":{"rendered":"<p><a href=\"https:\/\/www.radiolimari.cl\/wp-content\/uploads\/2022\/05\/12.5-monte-patria-IMG_3820.jpg\"><img fetchpriority=\"high\" decoding=\"async\" class=\"alignnone size-medium wp-image-7232\" src=\"https:\/\/www.radiolimari.cl\/wp-content\/uploads\/2022\/05\/12.5-monte-patria-IMG_3820-300x225.jpg\" alt=\"12.5 monte patria IMG_3820\" width=\"300\" height=\"225\" srcset=\"https:\/\/www.radiolimari.cl\/wp-content\/uploads\/2022\/05\/12.5-monte-patria-IMG_3820-300x225.jpg 300w, https:\/\/www.radiolimari.cl\/wp-content\/uploads\/2022\/05\/12.5-monte-patria-IMG_3820-1024x768.jpg 1024w\" sizes=\"(max-width: 300px) 100vw, 300px\" \/><\/a><\/p>\n<p><strong>Rana y R\u00e9ne son amigos fue la puesta en escena que convoc\u00f3 al p\u00fablico en el marco de esta celebraci\u00f3n, organizada por <\/strong><strong>la Municipalidad de Monte Patria en conjunto con la Seremi de las culturas, las artes y el patrimonio de la Regi\u00f3n de Coquimbo y Sidarte Coquimbo<\/strong><!--more--><\/p>\n<p>La celebraci\u00f3n del D\u00eda Nacional del Teatro, que desde el a\u00f1o 2006 conmemora el natalicio del actor, director teatral y dramaturgo chileno, Andr\u00e9s P\u00e9rez Araya, invit\u00f3 a los montepatrinos y montepatrinas a reencontrase en los escenarios y a disfrutar de manera segura del arte y la cultura. Para ello la Sala de Artes Esc\u00e9nicas del Centro Cultural de Monte Patria cont\u00f3 con la funci\u00f3n de Rana y Ren\u00e9 son amigos.<\/p>\n<p>La actividad organizada por la Municipalidad de Monte Patria en conjunto con la Seremi de las culturas, las artes y el patrimonio de la Regi\u00f3n de Coquimbo y Sidarte Coquimbo que dio inicio a las 18:00 horas, estuvo marcada por el retorno a la presencialidad y reactivaci\u00f3n cultural que ha promovido el municipio.<\/p>\n<p>Al respecto el alcalde de Monte Patria, Cristian Herrera Pe\u00f1a se\u00f1al\u00f3 \u201cPara nosotros es un honor que se elija a nuestro hermoso centro cultural para hacer una celebraci\u00f3n de nivel regional en nuestra comuna. En esto quiero agradecer a las autoridades por estar cumpliendo el compromiso del Presidente, Gabriel Boric, de descentralizar las culturas y las artes llegando hasta nuestra comuna. Es una alegr\u00eda adem\u00e1s despu\u00e9s de tanto tiempo ver en este centro cultural, en esta sala, a ni\u00f1os, adultos; y que podamos volver a sentar disfrutar cultura\u201d.<\/p>\n<p>En la oportunidad tambi\u00e9n estuvo presente el Seremi de las Culturas, las Artes y el Patrimonio de la Regi\u00f3n de Coquimbo, <strong>Cedric Steinlen Cuevas quien envi\u00f3 un saludo a todos y cada uno de los que viven el teatro e indic\u00f3 que \u201cestamos muy felices de llevar a cabo esta obra en la provincia de Limar\u00ed, en particular en la linda comuna de Monte Patria; esto es parte de un proceso que ya inici\u00f3, para desplegar el trabajo de la Serem\u00eda en nuestra regi\u00f3n. Hoy en la ma\u00f1ana estuvimos reunido con el alcalde, con los gestores culturales, con los artistas y terminamos esta linda jornada presenciando esta obra de teatro junto a ni\u00f1os, ni\u00f1as, adultos mayores de la comuna; as\u00ed que no podemos estar m\u00e1s felices de lo que hemos vivido, el d\u00eda de hoy\u201d.<\/strong><\/p>\n<p><strong>M\u00c1S SOBRE LA OBRA<\/strong><\/p>\n<p>La obra de la compa\u00f1\u00eda\u00a0de teatro \u201cG\u00e1rgaras\u201d dirigida por Mar\u00eda In\u00e9s Rojas hizo disfrutar a las familias que se hicieron presentes en esta celebraci\u00f3n, donde sin duda los m\u00e1s felices fueron los ni\u00f1os y ni\u00f1as, quienes disfrutaron de las aventuras de estos dos anfibios con caracter\u00edsticas de humanos, que habitan en el Humedal de Coquimbo, junto a su amiga la tortuga Tinina.<\/p>\n<p>\u201cHa sido maravilloso, este montaje lo partimos en pandemia, empezamos a ensayar por zoom, luego con los aforos al aire libre, poder ahora llegar a las comunas m\u00e1s lejanas, zonas m\u00e1s rurales es muy emocionante y es nuestro objetivo como compa\u00f1\u00eda de teatro como SIDARTE, expandir nuestro trabajo a toda la regi\u00f3n, porque creemos que el teatro es m\u00e1gico, te reconforta siempre te hace emocionarte y queremos que todos vivan esa experiencia\u201d, se\u00f1al\u00f3 la directora.<\/p>\n<p>Maite Contreras fue una de las asistentes a la obra quien valor\u00f3 la posibilidad de\u00a0poder asistir a esta muestra de forma presencial. Adem\u00e1s, agradeci\u00f3 la instancia en la que los ni\u00f1os y adultos pudieron disfrutar del arte y a su vez tomar conciencia sobre el cuidado del medio ambiente. \u201cMe gust\u00f3 mucho fue muy linda, me gustaron mucho cuando sacaron esos carteles para que cuidemos el medio ambiente, ya que debemos cuidarlo sobre todo ahora que\u00a0 estamos en sequ\u00eda\u201d dijo Contreras.<\/p>\n<p>&nbsp;<\/p>\n<p>&nbsp;<\/p>\n","protected":false},"excerpt":{"rendered":"<p>Rana y R\u00e9ne son amigos fue la puesta en escena que convoc\u00f3 al p\u00fablico en el marco de esta celebraci\u00f3n, organizada por la Municipalidad de Monte Patria en conjunto con la Seremi de las culturas, las artes y el patrimonio de la Regi\u00f3n de Coquimbo y Sidarte Coquimbo<\/p>\n","protected":false},"author":2,"featured_media":7232,"comment_status":"open","ping_status":"open","sticky":false,"template":"","format":"standard","meta":{"footnotes":""},"categories":[5],"tags":[],"class_list":["post-7231","post","type-post","status-publish","format-standard","has-post-thumbnail","hentry","category-actualidad-limarina"],"_links":{"self":[{"href":"https:\/\/www.radiolimari.cl\/index.php?rest_route=\/wp\/v2\/posts\/7231","targetHints":{"allow":["GET"]}}],"collection":[{"href":"https:\/\/www.radiolimari.cl\/index.php?rest_route=\/wp\/v2\/posts"}],"about":[{"href":"https:\/\/www.radiolimari.cl\/index.php?rest_route=\/wp\/v2\/types\/post"}],"author":[{"embeddable":true,"href":"https:\/\/www.radiolimari.cl\/index.php?rest_route=\/wp\/v2\/users\/2"}],"replies":[{"embeddable":true,"href":"https:\/\/www.radiolimari.cl\/index.php?rest_route=%2Fwp%2Fv2%2Fcomments&post=7231"}],"version-history":[{"count":1,"href":"https:\/\/www.radiolimari.cl\/index.php?rest_route=\/wp\/v2\/posts\/7231\/revisions"}],"predecessor-version":[{"id":7233,"href":"https:\/\/www.radiolimari.cl\/index.php?rest_route=\/wp\/v2\/posts\/7231\/revisions\/7233"}],"wp:featuredmedia":[{"embeddable":true,"href":"https:\/\/www.radiolimari.cl\/index.php?rest_route=\/wp\/v2\/media\/7232"}],"wp:attachment":[{"href":"https:\/\/www.radiolimari.cl\/index.php?rest_route=%2Fwp%2Fv2%2Fmedia&parent=7231"}],"wp:term":[{"taxonomy":"category","embeddable":true,"href":"https:\/\/www.radiolimari.cl\/index.php?rest_route=%2Fwp%2Fv2%2Fcategories&post=7231"},{"taxonomy":"post_tag","embeddable":true,"href":"https:\/\/www.radiolimari.cl\/index.php?rest_route=%2Fwp%2Fv2%2Ftags&post=7231"}],"curies":[{"name":"wp","href":"https:\/\/api.w.org\/{rel}","templated":true}]}}