{"id":7228,"date":"2022-05-12T15:00:49","date_gmt":"2022-05-12T15:00:49","guid":{"rendered":"http:\/\/www.radiolimari.cl\/?p=7228"},"modified":"2022-05-12T15:00:49","modified_gmt":"2022-05-12T15:00:49","slug":"funcionarios-de-la-seremi-de-energia-dictan-charlas-para-incentivar-la-insercion-de-mujeres-en-el-sector","status":"publish","type":"post","link":"https:\/\/www.radiolimari.cl\/?p=7228","title":{"rendered":"Funcionarios de la SEREMI de Energ\u00eda dictan charlas para incentivar la inserci\u00f3n de mujeres en el sector"},"content":{"rendered":"<p><a href=\"https:\/\/www.radiolimari.cl\/wp-content\/uploads\/2022\/05\/12.5-mineria.jpg\"><img fetchpriority=\"high\" decoding=\"async\" class=\"alignnone size-medium wp-image-7229\" src=\"https:\/\/www.radiolimari.cl\/wp-content\/uploads\/2022\/05\/12.5-mineria-300x180.jpg\" alt=\"12.5 mineria\" width=\"300\" height=\"180\" srcset=\"https:\/\/www.radiolimari.cl\/wp-content\/uploads\/2022\/05\/12.5-mineria-300x180.jpg 300w, https:\/\/www.radiolimari.cl\/wp-content\/uploads\/2022\/05\/12.5-mineria-1024x617.jpg 1024w\" sizes=\"(max-width: 300px) 100vw, 300px\" \/><\/a><\/p>\n<p><span style=\"color: #201f1e;\">Con el objetivo de incentivar la inserci\u00f3n de mujeres en el sector energ\u00e9tico, funcionarios de la SEREMI de Energ\u00eda, junto con la Secretaria Regional Ministerial, Mar\u00eda Castillo, realizaron charlas de inducci\u00f3n a estudiantes del liceo t\u00e9cnico femenino Marta Brunet de La Serena.<\/span><span style=\"color: #201f1e;\">\u00a0<\/span><!--more--><\/p>\n<p style=\"color: #000000;\"><span style=\"color: #201f1e;\">En dicha instancia, la Seremi Mar\u00eda Castillo dio a conocer a alumnos de segundo medio de dicho plantel su experiencia reciente como autoridad y los desaf\u00edos asociados a la cartera.<\/span><span style=\"color: #201f1e;\">\u00a0<\/span><\/p>\n<p style=\"color: #000000;\">\n<p style=\"color: #000000;\"><span style=\"color: #201f1e;\">Posteriormente, la funcionaria Vicky V\u00e9liz, expuso los lineamientos del programa Energ\u00eda M\u00e1s Mujer, en el marco de la futura creaci\u00f3n de la unidad de G\u00e9nero y Derechos Humanos del Ministerio de Energ\u00eda.<\/span><span style=\"color: #201f1e;\">\u00a0<\/span><\/p>\n<p style=\"color: #000000;\"><span style=\"color: #201f1e;\">A su vez, el profesional de eficiencia energ\u00e9tica de la SEREMI, Luis Past\u00e9n, expuso los principales alcances del programa Con Buena Energ\u00eda, el que estimula el ahorro familiar.<\/span><span style=\"color: #201f1e;\">\u00a0<\/span><span style=\"color: #201f1e;\">\u00a0<\/span><span style=\"color: #201f1e;\">\u00a0<\/span><\/p>\n<p style=\"color: #000000;\"><span style=\"color: #201f1e;\">La Seremi subray\u00f3 que \u201cel objetivo de esta actividad es dar dos talleres muy importantes, uno del programa Energ\u00eda M\u00e1s Mujer, de equidad de g\u00e9nero, y otro en eficiencia energ\u00e9tica a la comunidad escolar, donde los estudiantes se est\u00e1n reci\u00e9n formando, internalizando conocimientos y adquiriendo valores\u201d.<\/span><span style=\"color: #201f1e;\">\u00a0<\/span><span style=\"color: #201f1e;\">\u00a0<\/span><span style=\"color: #201f1e;\">\u00a0<\/span><\/p>\n<p style=\"color: #000000;\"><span style=\"color: #201f1e;\">La autoridad agreg\u00f3 que \u201cpara nosotros es muy relevante hacer estas actividades y dar cumplimiento a los lineamientos de las tareas de la SEREMI, del Ministerio de Energ\u00eda y del Gobierno\u201d.<\/span><span style=\"color: #201f1e;\">\u00a0<\/span><\/p>\n","protected":false},"excerpt":{"rendered":"<p>Con el objetivo de incentivar la inserci\u00f3n de mujeres en el sector energ\u00e9tico, funcionarios de la SEREMI de Energ\u00eda, junto con la Secretaria Regional Ministerial, Mar\u00eda Castillo, realizaron charlas de inducci\u00f3n a estudiantes del liceo t\u00e9cnico femenino Marta Brunet de La Serena.\u00a0<\/p>\n","protected":false},"author":2,"featured_media":7229,"comment_status":"open","ping_status":"open","sticky":false,"template":"","format":"standard","meta":{"footnotes":""},"categories":[6],"tags":[],"class_list":["post-7228","post","type-post","status-publish","format-standard","has-post-thumbnail","hentry","category-regionales"],"_links":{"self":[{"href":"https:\/\/www.radiolimari.cl\/index.php?rest_route=\/wp\/v2\/posts\/7228","targetHints":{"allow":["GET"]}}],"collection":[{"href":"https:\/\/www.radiolimari.cl\/index.php?rest_route=\/wp\/v2\/posts"}],"about":[{"href":"https:\/\/www.radiolimari.cl\/index.php?rest_route=\/wp\/v2\/types\/post"}],"author":[{"embeddable":true,"href":"https:\/\/www.radiolimari.cl\/index.php?rest_route=\/wp\/v2\/users\/2"}],"replies":[{"embeddable":true,"href":"https:\/\/www.radiolimari.cl\/index.php?rest_route=%2Fwp%2Fv2%2Fcomments&post=7228"}],"version-history":[{"count":1,"href":"https:\/\/www.radiolimari.cl\/index.php?rest_route=\/wp\/v2\/posts\/7228\/revisions"}],"predecessor-version":[{"id":7230,"href":"https:\/\/www.radiolimari.cl\/index.php?rest_route=\/wp\/v2\/posts\/7228\/revisions\/7230"}],"wp:featuredmedia":[{"embeddable":true,"href":"https:\/\/www.radiolimari.cl\/index.php?rest_route=\/wp\/v2\/media\/7229"}],"wp:attachment":[{"href":"https:\/\/www.radiolimari.cl\/index.php?rest_route=%2Fwp%2Fv2%2Fmedia&parent=7228"}],"wp:term":[{"taxonomy":"category","embeddable":true,"href":"https:\/\/www.radiolimari.cl\/index.php?rest_route=%2Fwp%2Fv2%2Fcategories&post=7228"},{"taxonomy":"post_tag","embeddable":true,"href":"https:\/\/www.radiolimari.cl\/index.php?rest_route=%2Fwp%2Fv2%2Ftags&post=7228"}],"curies":[{"name":"wp","href":"https:\/\/api.w.org\/{rel}","templated":true}]}}