{"id":7219,"date":"2022-05-11T00:54:21","date_gmt":"2022-05-11T00:54:21","guid":{"rendered":"http:\/\/www.radiolimari.cl\/?p=7219"},"modified":"2022-05-11T00:54:21","modified_gmt":"2022-05-11T00:54:21","slug":"top-de-ovalle-condena-a-541-y-61-dias-de-presidio-efectivo-a-autor-lesiones-menos-graves-y-amenazas-en-contexto-de-vif","status":"publish","type":"post","link":"https:\/\/www.radiolimari.cl\/?p=7219","title":{"rendered":"TOP de Ovalle condena a 541 y 61 d\u00edas de presidio efectivo a autor lesiones menos graves y amenazas en contexto de VIF"},"content":{"rendered":"<p><a href=\"https:\/\/www.radiolimari.cl\/wp-content\/uploads\/2022\/05\/top-ovalle2.jpg\"><img fetchpriority=\"high\" decoding=\"async\" class=\"alignnone size-medium wp-image-7220\" src=\"https:\/\/www.radiolimari.cl\/wp-content\/uploads\/2022\/05\/top-ovalle2-300x225.jpg\" alt=\"top ovalle2\" width=\"300\" height=\"225\" srcset=\"https:\/\/www.radiolimari.cl\/wp-content\/uploads\/2022\/05\/top-ovalle2-300x225.jpg 300w, https:\/\/www.radiolimari.cl\/wp-content\/uploads\/2022\/05\/top-ovalle2.jpg 640w\" sizes=\"(max-width: 300px) 100vw, 300px\" \/><\/a><\/p>\n<p>El Tribunal de Juicio Oral en lo Penal de Ovalle conden\u00f3 a A.E.R.G. a la penas de 541 y 61 d\u00edas de presidio efectivo, en calidad de autor de los delitos consumados de lesiones menos graves y amenazas simples, en contexto de violencia intrafamiliar, respectivamente. Il\u00edcitos perpetrados en mayo del a\u00f1o pasado, en la comuna<!--more--><\/p>\n<p>En fallo un\u00e1nime, el tribunal \u2013integrado por las magistradas Ana Karina Hern\u00e1ndez (presidenta), Felipe Pizarro \u00c1valos y Rub\u00e9n Bustos Ortiz (redactor)\u2013 aplic\u00f3, adem\u00e1s, a A.E.R.G. la accesoria legal de suspensi\u00f3n para cargos y oficios p\u00fablicos durante el tiempo de las condenas.<\/p>\n<p>En la causa, el tribunal tambi\u00e9n impuso a A.E.R.G. la accesoria especial de prohibici\u00f3n de acercarse a la v\u00edctima, su domicilio, lugar de trabajo o de estudio, la v\u00eda p\u00fablica, as\u00ed como a cualquier otro lugar al que concurra o visite regularmente, dentro un radio de 100 metros, y la prohibici\u00f3n de porte y tenencia de arma de fuego, por el t\u00e9rmino de dos a\u00f1os.<\/p>\n<p>Decisi\u00f3n de cumplimiento efectivo adoptada por el tribunal: \u201c(\u2026) conforme al m\u00e9rito del extracto de filiaci\u00f3n y antecedentes del acusado, y las penas sustitutivas de otorga la ley 18.216, no permite otorgar al sentenciado pena sustitutiva alguna, por lo que deber\u00e1 cumplir las penas corporales de forma efectiva, debi\u00e9ndose presentar ante el CDP de Ovalle al d\u00eda siguiente h\u00e1bil a partir que esta sentencia se encuentra ejecutoriada\u201d.<\/p>\n<p>El tribunal dio por acreditado, m\u00e1s all\u00e1 de toda duda razonable, que alrededor de las 21:30 horas del 5 de mayo de 2021, en la v\u00eda p\u00fablica de la comuna de Ovalle, el condenado agredi\u00f3 a su exconviviente y madre de su hija, \u201ccon golpes de pies y pu\u00f1os en distintas partes del cuerpo, quien producto de los golpes cay\u00f3 al suelo y continu\u00f3 recibiendo golpes de puntapi\u00e9s, encontr\u00e1ndose en el suelo la v\u00edctima tom\u00f3 una piedra y se la lanz\u00f3 al acusado en la cabeza, a continuaci\u00f3n logr\u00f3 pararse y mientras hu\u00eda del lugar, el acusado la amenaz\u00f3 de muerte (\u2026), siendo estas expresiones serias y veros\u00edmiles\u201d.<\/p>\n<p>A consecuencia de la agresi\u00f3n, la v\u00edctima result\u00f3 con herida en regi\u00f3n parietal del cr\u00e1neo de aproximadamente un cent\u00edmetro; m\u00faltiples hematomas en cr\u00e1neo, t\u00f3rax, abdomen y en extremidades superiores. Lesiones cl\u00ednicamente de mediana gravedad.<\/p>\n<p>&nbsp;<\/p>\n<p><strong>Perspectiva de g\u00e9nero<\/strong><\/p>\n<p>Al resolver, el tribunal tuvo en consideraci\u00f3n la perspectiva de g\u00e9nero, en el entendido que la no comparecencia de la v\u00edctima, no es un obst\u00e1culo para arribar a la convicci\u00f3n de la ocurrencia de los il\u00edcitos y de la participaci\u00f3n culpable del acusado en los hechos.<\/p>\n<p>\u201cQue no se desprende de la prueba rendida insuficiencias e inconsistencias en cuanto al hecho acaecido y la inasistencia de la v\u00edctima al juicio no fue \u00f3bice para dar por establecidos los presupuestos materiales del delito, por cuanto la primera entrevista de la v\u00edctima con el funcionario policial deponente, se encuentra llena de detalles propios de la ofensa, es pr\u00f3xima en el tiempo y corroborada con antecedentes m\u00e9dicos (\u2026)\u201d, sostiene el fallo.<\/p>\n<p>La resoluci\u00f3n agrega que: \u201c(\u2026) adem\u00e1s, el an\u00e1lisis fenomenol\u00f3gico de la perspectiva de g\u00e9nero incluye a la retractaci\u00f3n y el desistimiento, habituales en este tipo de contexto: \u2018Sobre la valoraci\u00f3n de las pruebas en caso de violencia contra la mujer es necesario tener en cuenta, que no siempre aplican las generalizaciones o m\u00e1ximas de la experiencia ya conocidas, como es la permanencia o reiteraci\u00f3n en la declaraci\u00f3n que se constituye en indicio de credibilidad. En materia de violencia contra la mujer no aplica tal supuesto, dado que la valoraci\u00f3n aqu\u00ed es diferente, porque de conformidad con el ciclo de la violencia, las mujeres v\u00edctimas en su mayor\u00eda tienden a la retractaci\u00f3n ya sea por amenaza, reconciliaci\u00f3n, dependencia, etc., por lo tanto, esta conducta no necesariamente invalida la declaraci\u00f3n de la v\u00edctima. (\u2026). Es necesario atender la primera declaraci\u00f3n de la v\u00edctima, como una prueba especial, realizada en condiciones particulares, que en general es rendida de manera espont\u00e1nea y que en ocasiones no es posible repetir para poder conocer los hechos, dado que estos ocurren en la intimidad, y puede ser entonces esta declaraci\u00f3n, la \u00fanica prueba y la v\u00edctima el \u00fanico testigo. En todo caso en escenas de violencia el juez o la jueza puede encontrar indicios sobre los hechos y su deber es desentra\u00f1ar la realidad e incorporarlos al proceso\u2019. (Pag.97. Matriz para aplicar los principios de igualdad, no discriminaci\u00f3n y perspectiva de g\u00e9nero en las sentencias. Secretar\u00eda t\u00e9cnica igualdad de g\u00e9nero y no discriminaci\u00f3n) <a href=\"http:\/\/secretariadegenero.pjud.cl\/\">http:\/\/secretariadegenero.pjud.cl\/<\/a>\u201d.<\/p>\n","protected":false},"excerpt":{"rendered":"<p>El Tribunal de Juicio Oral en lo Penal de Ovalle conden\u00f3 a A.E.R.G. a la penas de 541 y 61 d\u00edas de presidio efectivo, en calidad de autor de los delitos consumados de lesiones menos graves y amenazas simples, en contexto de violencia intrafamiliar, respectivamente. Il\u00edcitos perpetrados en mayo del a\u00f1o pasado, en la comuna<\/p>\n","protected":false},"author":2,"featured_media":7220,"comment_status":"open","ping_status":"open","sticky":false,"template":"","format":"standard","meta":{"footnotes":""},"categories":[3],"tags":[],"class_list":["post-7219","post","type-post","status-publish","format-standard","has-post-thumbnail","hentry","category-actualidad"],"_links":{"self":[{"href":"https:\/\/www.radiolimari.cl\/index.php?rest_route=\/wp\/v2\/posts\/7219","targetHints":{"allow":["GET"]}}],"collection":[{"href":"https:\/\/www.radiolimari.cl\/index.php?rest_route=\/wp\/v2\/posts"}],"about":[{"href":"https:\/\/www.radiolimari.cl\/index.php?rest_route=\/wp\/v2\/types\/post"}],"author":[{"embeddable":true,"href":"https:\/\/www.radiolimari.cl\/index.php?rest_route=\/wp\/v2\/users\/2"}],"replies":[{"embeddable":true,"href":"https:\/\/www.radiolimari.cl\/index.php?rest_route=%2Fwp%2Fv2%2Fcomments&post=7219"}],"version-history":[{"count":1,"href":"https:\/\/www.radiolimari.cl\/index.php?rest_route=\/wp\/v2\/posts\/7219\/revisions"}],"predecessor-version":[{"id":7221,"href":"https:\/\/www.radiolimari.cl\/index.php?rest_route=\/wp\/v2\/posts\/7219\/revisions\/7221"}],"wp:featuredmedia":[{"embeddable":true,"href":"https:\/\/www.radiolimari.cl\/index.php?rest_route=\/wp\/v2\/media\/7220"}],"wp:attachment":[{"href":"https:\/\/www.radiolimari.cl\/index.php?rest_route=%2Fwp%2Fv2%2Fmedia&parent=7219"}],"wp:term":[{"taxonomy":"category","embeddable":true,"href":"https:\/\/www.radiolimari.cl\/index.php?rest_route=%2Fwp%2Fv2%2Fcategories&post=7219"},{"taxonomy":"post_tag","embeddable":true,"href":"https:\/\/www.radiolimari.cl\/index.php?rest_route=%2Fwp%2Fv2%2Ftags&post=7219"}],"curies":[{"name":"wp","href":"https:\/\/api.w.org\/{rel}","templated":true}]}}