{"id":7212,"date":"2022-05-06T20:10:17","date_gmt":"2022-05-06T20:10:17","guid":{"rendered":"http:\/\/www.radiolimari.cl\/?p=7212"},"modified":"2022-05-06T20:10:17","modified_gmt":"2022-05-06T20:10:17","slug":"comitiva-regional-destaco-la-experiencia-de-planta-desaladora-de-antofagasta","status":"publish","type":"post","link":"https:\/\/www.radiolimari.cl\/?p=7212","title":{"rendered":"Comitiva regional destac\u00f3 la experiencia de planta desaladora de Antofagasta"},"content":{"rendered":"<p><a href=\"https:\/\/www.radiolimari.cl\/wp-content\/uploads\/2022\/05\/6.5-gira-antofagasta.jpg\"><img decoding=\"async\" class=\"alignnone size-medium wp-image-7213\" src=\"https:\/\/www.radiolimari.cl\/wp-content\/uploads\/2022\/05\/6.5-gira-antofagasta-300x163.jpg\" alt=\"6.5 gira antofagasta\" width=\"300\" height=\"163\" srcset=\"https:\/\/www.radiolimari.cl\/wp-content\/uploads\/2022\/05\/6.5-gira-antofagasta-300x163.jpg 300w, https:\/\/www.radiolimari.cl\/wp-content\/uploads\/2022\/05\/6.5-gira-antofagasta-1024x558.jpg 1024w, https:\/\/www.radiolimari.cl\/wp-content\/uploads\/2022\/05\/6.5-gira-antofagasta.jpg 1277w\" sizes=\"(max-width: 300px) 100vw, 300px\" \/><\/a><\/p>\n<p><strong><em>Tras la convocatoria que realizara el Diputado V\u00edctor Pino, autoridades locales pudieron conocer en detalle el proceso que abastecimiento de agua para consumo humano en esta comuna. <\/em><\/strong><!--more--><\/p>\n<p>Desde el a\u00f1o 2003 que opera en el sector de La Chimba, en Antofagasta, una planta desaladora que permite abastecer, seg\u00fan la empresa sanitaria Aguas Antofagasta, con el 80% de la demanda de agua potable para esta comuna del norte del pa\u00eds.<\/p>\n<p>Un proyecto que, explican, se pens\u00f3 hace 25 a\u00f1os para ir dando respuesta al escenario h\u00eddrico de la ciudad, ante la disminuci\u00f3n del agua cordillerana.<\/p>\n<p>Experiencia que pudo conocer en detalle una comitiva de la Regi\u00f3n de Coquimbo, compuesta por el Delegado Presidencial Rub\u00e9n Quezada, Consejeros Regionales, Alcaldes, Concejales y representantes empresariales, tras una convocatoria hecha por el Diputado V\u00edctor Pino.<\/p>\n<p><strong>\u201cEs clave explorar todas las alternativas y as\u00ed nos lo ha hecho saber nuestro Presidente Gabriel Boric en su \u00faltima visita, que tenemos que explorar las alternativas de las desaladoras, resguardando el compromiso con el medio ambiente y la seguridad de las persona. Esta visita fue clave porque nos ha permitido conocer el proceso y los resguardos que se toman y resolver las dudas del impacto en el medio ambiente\u201d<\/strong>, indic\u00f3 el Delegado Presidencial Regional, Rub\u00e9n Quezada.<\/p>\n<p><a href=\"https:\/\/www.radiolimari.cl\/wp-content\/uploads\/2022\/05\/6.5-gira-antofagasta1.jpg\"><img decoding=\"async\" class=\"alignnone size-medium wp-image-7214\" src=\"https:\/\/www.radiolimari.cl\/wp-content\/uploads\/2022\/05\/6.5-gira-antofagasta1-300x166.jpg\" alt=\"6.5 gira antofagasta1\" width=\"300\" height=\"166\" srcset=\"https:\/\/www.radiolimari.cl\/wp-content\/uploads\/2022\/05\/6.5-gira-antofagasta1-300x166.jpg 300w, https:\/\/www.radiolimari.cl\/wp-content\/uploads\/2022\/05\/6.5-gira-antofagasta1-1024x567.jpg 1024w, https:\/\/www.radiolimari.cl\/wp-content\/uploads\/2022\/05\/6.5-gira-antofagasta1.jpg 1219w\" sizes=\"(max-width: 300px) 100vw, 300px\" \/><\/a><\/p>\n<p>Y es que de acuerdo a informes y proyecciones cient\u00edficas, la situaci\u00f3n h\u00eddrica regional, y su disponibilidad, no pareciese mejorar, d\u00e1ndose episodios de racionamiento de agua en algunos sectores rurales, afectando no s\u00f3lo el sector productivo, tambi\u00e9n al consumo humano.<\/p>\n<p>Cristian Jim\u00e9nez, Gerente de Operaciones de Aguas Antofagasta, coment\u00f3 que <strong>\u201creconocemos la preocupaci\u00f3n de las autoridades de la Regi\u00f3n de Coquimbo. Muchos alcaldes viven en un estr\u00e9s h\u00eddrico permanente que no es nuevo. Es algo que se pudo haber controlado o haber pensado en soluciones hace algunos a\u00f1os. Esto se vive incluso en ciudades del sur de Chile. Hoy estamos dependiendo mucho de la lluvia, pero debemos mirar al mar\u201d<\/strong>.<\/p>\n<p>La planta de Antofagasta produce cerca de mil litros por segundo, lo que equivale al abastecimiento de 100 mil viviendas, y que actualmente est\u00e1 en un proceso de ampliaci\u00f3n de su cobertura. En dos a\u00f1os, indican desde la empresa mandante, suministrar\u00e1n de agua al 100% de la ciudad.<\/p>\n<p>El Diputado V\u00edctor Pino se\u00f1al\u00f3 que <strong>\u201cesta visita nos dej\u00f3 bastantes nuevas visiones. Ven\u00edamos con ideas preconcebidas con respecto al proceso de desalaci\u00f3n, pero nos vamos contentos, especialmente por la recepci\u00f3n y ver en detalle los frutos y la calidad del agua que entregan a la ciudad\u201d.<\/strong><strong>\u00a0<\/strong><\/p>\n<p>Opiniones positivas que tambi\u00e9n expresaron Alcaldes y Consejeros Regionales.<\/p>\n<p>En este sentido, la CORE por Elqui, Tatiana Castillo destac\u00f3 que <strong>\u201csiento que esto si se puede llevar, es absolutamente llevable, porque nuestra regi\u00f3n est\u00e1 en urgencia y est\u00e1 la voluntad de todas las entidades que tiene que tomar decisiones\u201d<\/strong>. En tanto el consejero de Choapa, David Mu\u00f1oz, agreg\u00f3 que <strong>\u201cfue una experiencia enriquecedora, conocimos todo el proceso que es una alternativa en estos momentos para tener acceso al agua. La empresa tiene experiencia y nos hizo salir de dudas\u201d<\/strong>.<\/p>\n<p>Mientras, el Alcalde de Canela, Bernardo Leyton, subray\u00f3 que <strong>\u201chabr\u00e1 momentos en que no tendremos agua, sobre todo para consumo humano, por eso las soluciones deben darse en proyectos que respeten los procesos y lo m\u00e1s r\u00e1pido posible. y Ac\u00e1 conocimos una soluci\u00f3n real que hay que replicar\u201d<\/strong>.<\/p>\n<p><strong>\u00bfC\u00f3mo opera?<\/strong><\/p>\n<p>La planta de Aguas Antofagasta aplica el proceso de osmosis inversa al agua que capta directamente desde el borde costero, aplicando una serie de filtros, separando la sal del agua, resultando dos tipos de producto: agua desmineralizada y agua con el doble de salinidad.<\/p>\n<p>Esta \u00faltima se devuelve al mar, mientras que el agua tratada se potabiliza y se distribuye a las redes de abastecimiento a los hogares.<\/p>\n<p>En el proceso de captaci\u00f3n, existen una serie de barreras que cuidan que sea una etapa limpia y que la velocidad de toma de agua no sea mayor a la de las corrientes marinas, evitando la succi\u00f3n. Asimismo, informaron de la empresa, se implementaron mallas y elementos de protecci\u00f3n que impiden el ingreso de peces o de cualquier tipo de elemento marino.<\/p>\n","protected":false},"excerpt":{"rendered":"<p>Tras la convocatoria que realizara el Diputado V\u00edctor Pino, autoridades locales pudieron conocer en detalle el proceso que abastecimiento de agua para consumo humano en esta comuna.<\/p>\n","protected":false},"author":2,"featured_media":7213,"comment_status":"open","ping_status":"open","sticky":false,"template":"","format":"standard","meta":{"footnotes":""},"categories":[6],"tags":[],"class_list":["post-7212","post","type-post","status-publish","format-standard","has-post-thumbnail","hentry","category-regionales"],"_links":{"self":[{"href":"https:\/\/www.radiolimari.cl\/index.php?rest_route=\/wp\/v2\/posts\/7212","targetHints":{"allow":["GET"]}}],"collection":[{"href":"https:\/\/www.radiolimari.cl\/index.php?rest_route=\/wp\/v2\/posts"}],"about":[{"href":"https:\/\/www.radiolimari.cl\/index.php?rest_route=\/wp\/v2\/types\/post"}],"author":[{"embeddable":true,"href":"https:\/\/www.radiolimari.cl\/index.php?rest_route=\/wp\/v2\/users\/2"}],"replies":[{"embeddable":true,"href":"https:\/\/www.radiolimari.cl\/index.php?rest_route=%2Fwp%2Fv2%2Fcomments&post=7212"}],"version-history":[{"count":1,"href":"https:\/\/www.radiolimari.cl\/index.php?rest_route=\/wp\/v2\/posts\/7212\/revisions"}],"predecessor-version":[{"id":7215,"href":"https:\/\/www.radiolimari.cl\/index.php?rest_route=\/wp\/v2\/posts\/7212\/revisions\/7215"}],"wp:featuredmedia":[{"embeddable":true,"href":"https:\/\/www.radiolimari.cl\/index.php?rest_route=\/wp\/v2\/media\/7213"}],"wp:attachment":[{"href":"https:\/\/www.radiolimari.cl\/index.php?rest_route=%2Fwp%2Fv2%2Fmedia&parent=7212"}],"wp:term":[{"taxonomy":"category","embeddable":true,"href":"https:\/\/www.radiolimari.cl\/index.php?rest_route=%2Fwp%2Fv2%2Fcategories&post=7212"},{"taxonomy":"post_tag","embeddable":true,"href":"https:\/\/www.radiolimari.cl\/index.php?rest_route=%2Fwp%2Fv2%2Ftags&post=7212"}],"curies":[{"name":"wp","href":"https:\/\/api.w.org\/{rel}","templated":true}]}}