{"id":7195,"date":"2022-05-02T00:08:39","date_gmt":"2022-05-02T00:08:39","guid":{"rendered":"http:\/\/www.radiolimari.cl\/?p=7195"},"modified":"2022-05-02T00:08:39","modified_gmt":"2022-05-02T00:08:39","slug":"en-mesa-de-dialogo-el-gobierno-y-trabajadores-conmemoraron-el-1-de-mayo","status":"publish","type":"post","link":"https:\/\/www.radiolimari.cl\/?p=7195","title":{"rendered":"En mesa de di\u00e1logo el gobierno y trabajadores   conmemoraron el 1 de mayo"},"content":{"rendered":"<p><a href=\"https:\/\/www.radiolimari.cl\/wp-content\/uploads\/2022\/05\/1.5-trabajo-mayo_2.jpeg\"><img decoding=\"async\" class=\"alignnone size-medium wp-image-7196\" src=\"https:\/\/www.radiolimari.cl\/wp-content\/uploads\/2022\/05\/1.5-trabajo-mayo_2-300x161.jpeg\" alt=\"1.5 trabajo mayo_2\" width=\"300\" height=\"161\" srcset=\"https:\/\/www.radiolimari.cl\/wp-content\/uploads\/2022\/05\/1.5-trabajo-mayo_2-300x160.jpeg 300w, https:\/\/www.radiolimari.cl\/wp-content\/uploads\/2022\/05\/1.5-trabajo-mayo_2-1024x549.jpeg 1024w, https:\/\/www.radiolimari.cl\/wp-content\/uploads\/2022\/05\/1.5-trabajo-mayo_2-620x330.jpeg 620w, https:\/\/www.radiolimari.cl\/wp-content\/uploads\/2022\/05\/1.5-trabajo-mayo_2.jpeg 1280w\" sizes=\"(max-width: 300px) 100vw, 300px\" \/><\/a><\/p>\n<p><strong><em>Autoridades destacaron el acuerdo con la CUT para el aumento del ingreso m\u00ednimo y la mesa t\u00e9cnica para abordar el proyecto de la disminuci\u00f3n de la jornada laboral<\/em><\/strong><\/p>\n<p><!--more--><\/p>\n<p>Una instancia de acercamiento y conversaci\u00f3n sostuvieron dirigentes sindicales y organizaciones de trabajadores y trabajadoras con los representantes del gobierno en la regi\u00f3n de Coquimbo. Actividad realizada con motivo de la conmemoraci\u00f3n del D\u00eda Internacional de las y los Trabajadores.<\/p>\n<p>Las autoridades destacaron las iniciativas impulsadas por el gobierno para mejorar las condiciones de los trabajadores y trabajadoras con especial \u00e9nfasis en el resguardo al salario m\u00ednimo y al trabajo femenino.<\/p>\n<p>En la ocasi\u00f3n el Delgado Presidencial Rub\u00e9n Quezada encabez\u00f3 la cita y valor\u00f3 el encuentro con los trabajadores y dijo que \u201cpara nosotros es muy importante estar del lado de los trabajadores, no s\u00f3lo en este 1 de mayo, sino que durante toda nuestra gesti\u00f3n. El presidente Gabriel Boric ha sido claro en se\u00f1alar que, este es un gobierno que se preocupa de las y los trabajadores, vamos intentar resolver gran parte de las brechas que hay en el mundo del trabajo como la baja sindicalizaci\u00f3n, la participaci\u00f3n y remuneraci\u00f3n de las mujeres en el trabajo y tambi\u00e9n implementar una ambiciosa agenda como es el aumento del ingreso m\u00ednimo, disminuir la jornada laboral y otras iniciativas que van a permitir que los trabajadores y trabajadoras puedan ejercer su leg\u00edtimo derecho al descanso, a la vida familiar y a una remuneraci\u00f3n justa\u201d.<\/p>\n<p>Por su parte la Seremi del Trabajo y Previsi\u00f3n Social, Claudia Santander, destac\u00f3 los avances del gobierno en materia de empleo y coment\u00f3 que \u201ces muy gratificante dialogar y escuchar a los trabajadores y trabajadoras, y a la vez hacer una reflexi\u00f3n respecto a los pasos que ha ido dando en gobierno para avanzar en las demandas que ellos nos demandan. Creemos que es muy significativo el acuerdo que se pudo lograr con la Central Unitaria de Trabajadores en t\u00e9rminos del salario m\u00ednimo de llegar a los 400 mil pesos durante el 2022, considerar la inflaci\u00f3n con un aporte a la canasta b\u00e1sica y dejar desde ya establecida una mesa t\u00e9cnica de trabajo para la reducci\u00f3n de jornada laboral a 40 horas\u201d.<\/p>\n<p>Durante la jornada de di\u00e1logo la presidenta de la Central Unitaria de Trabajadore (CUT) provincial Elqui, Fabiola Sep\u00falveda, destac\u00f3 la instancia de conversaci\u00f3n con las autoridades y manifest\u00f3 que \u201cnecesitamos seguir trabajando y dialogando para lograr acuerdos que nos permitan ejercer nuestros derechos como trabajadores y trabajadoras. Tambi\u00e9n es muy significativo tener estas oportunidades de encuentro con m\u00e1s dirigentes sindicales\u201d.<\/p>\n<p>En materia de genero la Seremi de la Mujer, Fernanda Glaser, destac\u00f3 el di\u00e1logo acerca de los desaf\u00edos que quedan en temas de derechos laborales sobre todo de mujeres y dijo que \u201creafirmamos nuestros compromisos y el delegado presidencial nos hizo el llamado a articularnos como gobierno para poder lograr la participaci\u00f3n de los movimientos sociales y sindicales en lo que ser\u00e1 la gobernanza en estos cuatro a\u00f1os\u201d.<\/p>\n<p>Tambi\u00e9n, en la oportunidad, la Seremi del Trabajo, Claudia Santander, invit\u00f3 a los trabajadores y trabajadoras a participar de los di\u00e1logos sociales para la reforma previsional.<\/p>\n<p>\u201cEn esta primera etapa de gobierno estamos dando prioridad a los trabajadores y trabajadoras y uno de los avances m\u00e1s grande ser\u00e1 el sistema de seguridad social, donde este jueves 05 de mayo comenzamos con los di\u00e1logos para hablar sobre los principios de un nuevo sistema previsional\u201d, coment\u00f3 la Seremi del Trabajo.<\/p>\n<p>&nbsp;<\/p>\n<p>&nbsp;<\/p>\n","protected":false},"excerpt":{"rendered":"<p>Autoridades destacaron el acuerdo con la CUT para el aumento del ingreso m\u00ednimo y la mesa t\u00e9cnica para abordar el proyecto de la disminuci\u00f3n de la jornada laboral<\/p>\n","protected":false},"author":2,"featured_media":7196,"comment_status":"open","ping_status":"open","sticky":false,"template":"","format":"standard","meta":{"footnotes":""},"categories":[6],"tags":[],"class_list":["post-7195","post","type-post","status-publish","format-standard","has-post-thumbnail","hentry","category-regionales"],"_links":{"self":[{"href":"https:\/\/www.radiolimari.cl\/index.php?rest_route=\/wp\/v2\/posts\/7195","targetHints":{"allow":["GET"]}}],"collection":[{"href":"https:\/\/www.radiolimari.cl\/index.php?rest_route=\/wp\/v2\/posts"}],"about":[{"href":"https:\/\/www.radiolimari.cl\/index.php?rest_route=\/wp\/v2\/types\/post"}],"author":[{"embeddable":true,"href":"https:\/\/www.radiolimari.cl\/index.php?rest_route=\/wp\/v2\/users\/2"}],"replies":[{"embeddable":true,"href":"https:\/\/www.radiolimari.cl\/index.php?rest_route=%2Fwp%2Fv2%2Fcomments&post=7195"}],"version-history":[{"count":1,"href":"https:\/\/www.radiolimari.cl\/index.php?rest_route=\/wp\/v2\/posts\/7195\/revisions"}],"predecessor-version":[{"id":7197,"href":"https:\/\/www.radiolimari.cl\/index.php?rest_route=\/wp\/v2\/posts\/7195\/revisions\/7197"}],"wp:featuredmedia":[{"embeddable":true,"href":"https:\/\/www.radiolimari.cl\/index.php?rest_route=\/wp\/v2\/media\/7196"}],"wp:attachment":[{"href":"https:\/\/www.radiolimari.cl\/index.php?rest_route=%2Fwp%2Fv2%2Fmedia&parent=7195"}],"wp:term":[{"taxonomy":"category","embeddable":true,"href":"https:\/\/www.radiolimari.cl\/index.php?rest_route=%2Fwp%2Fv2%2Fcategories&post=7195"},{"taxonomy":"post_tag","embeddable":true,"href":"https:\/\/www.radiolimari.cl\/index.php?rest_route=%2Fwp%2Fv2%2Ftags&post=7195"}],"curies":[{"name":"wp","href":"https:\/\/api.w.org\/{rel}","templated":true}]}}