{"id":7188,"date":"2022-04-27T15:29:14","date_gmt":"2022-04-27T15:29:14","guid":{"rendered":"http:\/\/www.radiolimari.cl\/?p=7188"},"modified":"2022-04-27T15:29:34","modified_gmt":"2022-04-27T15:29:34","slug":"ecretario-ejecutivo-de-la-comision-nacional-de-riego-prioriza-a-la-pequena-agricultura-como-uno-de-los-principales-ejes-de-gestion","status":"publish","type":"post","link":"https:\/\/www.radiolimari.cl\/?p=7188","title":{"rendered":"Secretario Ejecutivo de la Comisi\u00f3n Nacional de Riego prioriza a la Peque\u00f1a Agricultura como uno de los principales ejes de gesti\u00f3n"},"content":{"rendered":"<p><a href=\"https:\/\/www.radiolimari.cl\/wp-content\/uploads\/2022\/04\/27.4-comision-riego.jpg\"><img fetchpriority=\"high\" decoding=\"async\" class=\"alignnone size-medium wp-image-7189\" src=\"https:\/\/www.radiolimari.cl\/wp-content\/uploads\/2022\/04\/27.4-comision-riego-300x225.jpg\" alt=\"27.4 comision riego\" width=\"300\" height=\"225\" srcset=\"https:\/\/www.radiolimari.cl\/wp-content\/uploads\/2022\/04\/27.4-comision-riego-300x225.jpg 300w, https:\/\/www.radiolimari.cl\/wp-content\/uploads\/2022\/04\/27.4-comision-riego-1024x768.jpg 1024w\" sizes=\"(max-width: 300px) 100vw, 300px\" \/><\/a><\/p>\n<p style=\"font-weight: 400; text-align: justify;\">unto al Presidente Gabriel Boric, y al Ministro de Agricultura, Esteban Valenzuela, quienes realizaron su primera gira por la Regi\u00f3n de Coquimbo, la m\u00e1xima autoridad de la CNR particip\u00f3 en diversas reuniones con agricultores y regantes de las comunas de Monte Patria e Illapel.<!--more--><\/p>\n<p style=\"font-weight: 400; text-align: justify;\">En Monte Patria e Illapel, dos comunas de la regi\u00f3n de Coquimbo fuertemente afectadas por el d\u00e9ficit h\u00eddrico, el Secretario Ejecutivo de la Comisi\u00f3n Nacional de Riego (CNR), Wilson Ureta, particip\u00f3 en los diversos encuentros que sostuvieron tanto el Presidente de la Rep\u00fablica, Gabriel Boric, como el Ministro de Agricultura, Esteban Valenzuela, entre otras autoridades, con agricultoras, agricultores, regantes y crianceros de la zona, instancias en que anunciaron medidas concretas para apoyar al sector.<\/p>\n<p style=\"font-weight: 400; text-align: justify;\">Tras estos encuentros y luego de dialogar con los distintos actores, el Secretario Ejecutivo de la CNR destac\u00f3 el \u00e9nfasis que el actual Gobierno ha puesto en la Peque\u00f1a Agricultura. \u201cPrimero, quiero destacar la visita del Presidente Gabriel Boric y los encuentros con el mundo rural. Con ello, manifiesta las prioridades que tiene este gobierno relativas a la crisis h\u00eddrica, la lucha contra el cambio clim\u00e1tico y promover el desarrollo rural. El desaf\u00edo que tenemos es gigante. Tanto el Presidente Gabriel Boric y el l\u00edder del Ministerio, el Ministro de Agricultura, Esteban Valenzuela, nos han mandatado a hacer un cambio, a reformar esta instituci\u00f3n pensando en los peque\u00f1os agricultores, algo que en la Comisi\u00f3n Nacional de Riego se intent\u00f3 hacer en su momento\u201d, puntualiz\u00f3.<\/p>\n<p style=\"font-weight: 400; text-align: justify;\">\u201cLas cuencas de Limar\u00ed, Choapa y Elqui est\u00e1n compuestas mayoritariamente por peque\u00f1os agricultores y nuestro foco est\u00e1 puesto ah\u00ed. Nosotros queremos durante este primer a\u00f1o hacer todo lo posible por adjudicar los fondos disponibles para concursos que beneficien a la Peque\u00f1a Agricultura y fomentar los fondos para las organizaciones de Usuarios de Aguas en el marco de la crisis h\u00eddrica\u201d, indic\u00f3 Ureta.<\/p>\n<p style=\"font-weight: 400; text-align: justify;\">Finalmente, agreg\u00f3, \u201ctenemos que atacar los efectos del cambio clim\u00e1tico y ya no pensar en maximizar superficies de riego, sino que vislumbrar este escenario con soluciones sustentables. La CNR tiene un desaf\u00edo importante que es llegar a los peque\u00f1os agricultores, explicarles c\u00f3mo funcionan los instrumentos de la Ley de Riego, acompa\u00f1arlos en el proceso de postulaci\u00f3n y posteriormente en el seguimiento, ya que no sirve de nada que puedan postular si despu\u00e9s las obras no se implementan\u201d.<\/p>\n<p>&nbsp;<\/p>\n","protected":false},"excerpt":{"rendered":"<p>unto al Presidente Gabriel Boric, y al Ministro de Agricultura, Esteban Valenzuela, quienes realizaron su primera gira por la Regi\u00f3n de Coquimbo, la m\u00e1xima autoridad de la CNR particip\u00f3 en diversas reuniones con agricultores y regantes de las comunas de Monte Patria e Illapel.<\/p>\n","protected":false},"author":2,"featured_media":7189,"comment_status":"open","ping_status":"open","sticky":false,"template":"","format":"standard","meta":{"footnotes":""},"categories":[6],"tags":[],"class_list":["post-7188","post","type-post","status-publish","format-standard","has-post-thumbnail","hentry","category-regionales"],"_links":{"self":[{"href":"https:\/\/www.radiolimari.cl\/index.php?rest_route=\/wp\/v2\/posts\/7188","targetHints":{"allow":["GET"]}}],"collection":[{"href":"https:\/\/www.radiolimari.cl\/index.php?rest_route=\/wp\/v2\/posts"}],"about":[{"href":"https:\/\/www.radiolimari.cl\/index.php?rest_route=\/wp\/v2\/types\/post"}],"author":[{"embeddable":true,"href":"https:\/\/www.radiolimari.cl\/index.php?rest_route=\/wp\/v2\/users\/2"}],"replies":[{"embeddable":true,"href":"https:\/\/www.radiolimari.cl\/index.php?rest_route=%2Fwp%2Fv2%2Fcomments&post=7188"}],"version-history":[{"count":2,"href":"https:\/\/www.radiolimari.cl\/index.php?rest_route=\/wp\/v2\/posts\/7188\/revisions"}],"predecessor-version":[{"id":7191,"href":"https:\/\/www.radiolimari.cl\/index.php?rest_route=\/wp\/v2\/posts\/7188\/revisions\/7191"}],"wp:featuredmedia":[{"embeddable":true,"href":"https:\/\/www.radiolimari.cl\/index.php?rest_route=\/wp\/v2\/media\/7189"}],"wp:attachment":[{"href":"https:\/\/www.radiolimari.cl\/index.php?rest_route=%2Fwp%2Fv2%2Fmedia&parent=7188"}],"wp:term":[{"taxonomy":"category","embeddable":true,"href":"https:\/\/www.radiolimari.cl\/index.php?rest_route=%2Fwp%2Fv2%2Fcategories&post=7188"},{"taxonomy":"post_tag","embeddable":true,"href":"https:\/\/www.radiolimari.cl\/index.php?rest_route=%2Fwp%2Fv2%2Ftags&post=7188"}],"curies":[{"name":"wp","href":"https:\/\/api.w.org\/{rel}","templated":true}]}}