{"id":7185,"date":"2022-04-27T15:21:08","date_gmt":"2022-04-27T15:21:08","guid":{"rendered":"http:\/\/www.radiolimari.cl\/?p=7185"},"modified":"2022-04-27T15:21:08","modified_gmt":"2022-04-27T15:21:08","slug":"estrategia-busca-mejorar-calidad-de-vida-de-los-trabajadores-de-la-region","status":"publish","type":"post","link":"https:\/\/www.radiolimari.cl\/?p=7185","title":{"rendered":"Estrategia busca mejorar calidad de vida de los trabajadores de la regi\u00f3n"},"content":{"rendered":"<p><a href=\"https:\/\/www.radiolimari.cl\/wp-content\/uploads\/2022\/04\/27.4-Pausa_2.jpg\"><img fetchpriority=\"high\" decoding=\"async\" class=\"alignnone size-medium wp-image-7186\" src=\"https:\/\/www.radiolimari.cl\/wp-content\/uploads\/2022\/04\/27.4-Pausa_2-300x168.jpg\" alt=\"27.4 Pausa_2\" width=\"300\" height=\"168\" srcset=\"https:\/\/www.radiolimari.cl\/wp-content\/uploads\/2022\/04\/27.4-Pausa_2-300x168.jpg 300w, https:\/\/www.radiolimari.cl\/wp-content\/uploads\/2022\/04\/27.4-Pausa_2-1024x576.jpg 1024w, https:\/\/www.radiolimari.cl\/wp-content\/uploads\/2022\/04\/27.4-Pausa_2.jpg 1920w\" sizes=\"(max-width: 300px) 100vw, 300px\" \/><\/a><\/p>\n<p><strong>Desde la Seremi de Salud realizan un llamado a mejorar los h\u00e1bitos en los lugares de trabajo en el marco de los Sellos Elige Vivir Sano. <\/strong><!--more--><\/p>\n<p>Promover la calidad de vida de los trabajadores a trav\u00e9s de los riesgos f\u00edsicos, ambientales y psicol\u00f3gicos, fue el enfoque de la reuni\u00f3n que sostuvo el Departamento de Promoci\u00f3n y Participaci\u00f3n Ciudadana junto a referentes del Modelo de Atenci\u00f3n Integral de Salud basado en Familia y Comunidad (MAIS) y diferentes centros de atenci\u00f3n primaria de la regi\u00f3n.<\/p>\n<p>En ese contexto, las diferentes \u00e1reas de intervenci\u00f3n que se eval\u00faan para ingresar a esta estrategia, tienen como prop\u00f3sito contribuir a que los entornos laborales faciliten estilos de vida saludables a los trabajadores, para mejorar la calidad de vida y laboral de cada uno.<\/p>\n<p>En esta l\u00ednea, la referente de la estrategia de reconocimiento Sellos Elige Vivir Sano de la Seremi de Salud, Karen Narv\u00e1ez, explica que \u201cdebemos tener en consideraci\u00f3n que las personas cada vez cuentan con menos tiempo para poder realizar ejercicios, pasan aproximadamente un tercio de su tiempo en el lugar de trabajo, por ello, se busca que se incentive la pr\u00e1ctica de actividad f\u00edsica de manera regular y continua\u201d.<\/p>\n<p>En tanto, la Seremi de Salud, Paola Salas, dijo que \u201cme parece fundamental incorporar pausas activas en el horario laboral y espacios que permitan el mejoramiento de condiciones que contribuyan a disminuir los tiempos de sedestaci\u00f3n prolongados\u201d, manifest\u00f3.<\/p>\n<p>Por \u00faltimo, la Autoridad Sanitaria hizo un llamado a todos los espacios donde se encuentren trabajadores \u201cnuestra misi\u00f3n es incentivarlos a implementar estrategias dirigidas al desarrollo de entornos m\u00e1s saludable que faciliten h\u00e1bitos de vida sana en la poblaci\u00f3n chilena, esto permite ayudar a mantener a los trabajadores saludables repercutiendo de manera positiva en su entorno cercano\u201d, finaliz\u00f3.<\/p>\n<p>&nbsp;<\/p>\n","protected":false},"excerpt":{"rendered":"<p>Desde la Seremi de Salud realizan un llamado a mejorar los h\u00e1bitos en los lugares de trabajo en el marco de los Sellos Elige Vivir Sano.<\/p>\n","protected":false},"author":2,"featured_media":7186,"comment_status":"open","ping_status":"open","sticky":false,"template":"","format":"standard","meta":{"footnotes":""},"categories":[3],"tags":[],"class_list":["post-7185","post","type-post","status-publish","format-standard","has-post-thumbnail","hentry","category-actualidad"],"_links":{"self":[{"href":"https:\/\/www.radiolimari.cl\/index.php?rest_route=\/wp\/v2\/posts\/7185","targetHints":{"allow":["GET"]}}],"collection":[{"href":"https:\/\/www.radiolimari.cl\/index.php?rest_route=\/wp\/v2\/posts"}],"about":[{"href":"https:\/\/www.radiolimari.cl\/index.php?rest_route=\/wp\/v2\/types\/post"}],"author":[{"embeddable":true,"href":"https:\/\/www.radiolimari.cl\/index.php?rest_route=\/wp\/v2\/users\/2"}],"replies":[{"embeddable":true,"href":"https:\/\/www.radiolimari.cl\/index.php?rest_route=%2Fwp%2Fv2%2Fcomments&post=7185"}],"version-history":[{"count":1,"href":"https:\/\/www.radiolimari.cl\/index.php?rest_route=\/wp\/v2\/posts\/7185\/revisions"}],"predecessor-version":[{"id":7187,"href":"https:\/\/www.radiolimari.cl\/index.php?rest_route=\/wp\/v2\/posts\/7185\/revisions\/7187"}],"wp:featuredmedia":[{"embeddable":true,"href":"https:\/\/www.radiolimari.cl\/index.php?rest_route=\/wp\/v2\/media\/7186"}],"wp:attachment":[{"href":"https:\/\/www.radiolimari.cl\/index.php?rest_route=%2Fwp%2Fv2%2Fmedia&parent=7185"}],"wp:term":[{"taxonomy":"category","embeddable":true,"href":"https:\/\/www.radiolimari.cl\/index.php?rest_route=%2Fwp%2Fv2%2Fcategories&post=7185"},{"taxonomy":"post_tag","embeddable":true,"href":"https:\/\/www.radiolimari.cl\/index.php?rest_route=%2Fwp%2Fv2%2Ftags&post=7185"}],"curies":[{"name":"wp","href":"https:\/\/api.w.org\/{rel}","templated":true}]}}