{"id":7181,"date":"2022-04-25T21:21:12","date_gmt":"2022-04-25T21:21:12","guid":{"rendered":"http:\/\/www.radiolimari.cl\/?p=7181"},"modified":"2022-04-25T21:21:12","modified_gmt":"2022-04-25T21:21:12","slug":"escasez-hidrica-fue-uno-de-los-grandes-temas-de-la-gira-presidencial","status":"publish","type":"post","link":"https:\/\/www.radiolimari.cl\/?p=7181","title":{"rendered":"Escasez h\u00eddrica fue uno de los grandes temas de la gira presidencial"},"content":{"rendered":"<p><a href=\"https:\/\/www.radiolimari.cl\/wp-content\/uploads\/2022\/04\/25.4-delegado-presidencial.jpeg\"><img fetchpriority=\"high\" decoding=\"async\" class=\"alignnone size-medium wp-image-7182\" src=\"https:\/\/www.radiolimari.cl\/wp-content\/uploads\/2022\/04\/25.4-delegado-presidencial-300x225.jpeg\" alt=\"25.4 delegado presidencial\" width=\"300\" height=\"225\" srcset=\"https:\/\/www.radiolimari.cl\/wp-content\/uploads\/2022\/04\/25.4-delegado-presidencial-300x225.jpeg 300w, https:\/\/www.radiolimari.cl\/wp-content\/uploads\/2022\/04\/25.4-delegado-presidencial.jpeg 1024w\" sizes=\"(max-width: 300px) 100vw, 300px\" \/><\/a><\/p>\n<p><strong><em>El Delegado Presidencial Rub\u00e9n Quezada explic\u00f3 que conocer\u00e1 la experiencia de plantas desaladoras en la Regi\u00f3n de Antofagasta, como alternativa para enfrentar la falta de recurso. <\/em><\/strong><!--more--><\/p>\n<p>Luego de tres d\u00edas de actividades del Presidente Gabriel Boric en la Regi\u00f3n de Coquimbo, el Delegado Presidencial Rub\u00e9n Quezada, junto al Seremi de Gobierno Fernando Viveros, hizo un balance los principales hitos y anuncios dados a conocer por el Jefe de Estado.<\/p>\n<p>La autoridad remarc\u00f3 en los compromisos que adopt\u00f3 el Presidente Boric con la ciudadan\u00eda. Aspectos como la descentralizaci\u00f3n, la salud, el transporte, la escasez h\u00eddrica, la sustentabilidad y la cultura fueron los principales focos de la gira presidencial.<\/p>\n<p>En este sentido, el Delegado Quezada acot\u00f3 que <strong>\u201csi bien pudimos conocer, escuchar, palpar las necesidades de las personas, tuvimos cosas que se nos quedaron en el tintero, por lo mismo, esperamos que esta visita se repita pronto y que podamos, desde el territorio, con los seremis, seguir en contacto con las personas\u201d<\/strong>.<strong>\u00a0<\/strong><\/p>\n<p>Sin duda, indic\u00f3, que el tema de mayor concordancia y preocupaci\u00f3n ciudadana fue la crisis h\u00eddrica. Tema que ha implicado un trabajo significativo de Gobierno, a trav\u00e9s de la conformaci\u00f3n de un Comit\u00e9 T\u00e9cnico Regional H\u00eddrico, iniciativa impulsada por el Delegado Presidencial, y mediante el Ministerio de Agricultura, con anuncios de apoyo econ\u00f3mico, productivo y social, tal como se anunci\u00f3 en Monte Patria, donde se destinar\u00e1n m\u00e1s de 500 millones de pesos solo para esa comuna.<\/p>\n<p><strong>\u201cEsos recursos ser\u00e1n distribuidos en el riego eficiente para potenciar el uso del agua dirigido a los peque\u00f1os agricultores y apicultores. Hoy hay personas que han visto afectada la flora, afectando la poblaci\u00f3n de abejas. Lo mismo con los crianceros, por eso estamos hablando de medidas urgentes, de apoyo a la comercializaci\u00f3n al mercado campesino. Y ser\u00e1 algo que abordaremos desde una mirada integral\u201d<\/strong>, manifest\u00f3 el Seremi de Gobierno, Fernando Viveros.<\/p>\n<p>En este mismo punto, el Delegado Quezada confirm\u00f3 que para afrontar la falta de agua, se observar\u00e1n alternativas que permitan abastecer de este recurso, especialmente, plantas desaladoras, por lo que durante la pr\u00f3xima semana visitar\u00e1 la Regi\u00f3n de Antofagasta para conocer la experiencia de este tipo de tecnolog\u00eda.<\/p>\n<p><strong>Chile Apoya y empleo._<\/strong><\/p>\n<p>En gran parte de la gira presidencial, se puso acento en la recuperaci\u00f3n inclusiva, por lo mismo que el Programa Chile Apoya constituye una de las principales apuestas para generar oportunidades de generaci\u00f3n de empleo \u2013sobre todo a la mujer- y apoyo a las pymes, proyecto que fue sensibilizado con empresarios de pe\u00f1uela, en Coquimbo.<\/p>\n<p>El Vocero de Gobierno subray\u00f3 que <strong>\u201cestamos hablando de 3726 millones de solares que nos permitir\u00e1n descentralizar en diferentes acciones. Desde el aumento del sueldo m\u00ednimo y la creaci\u00f3n de empleos. El desaf\u00edo es crear 500 mil empleos de aqu\u00ed a fin de a\u00f1o, 250 mil s\u00f3lo de mujeres\u201d.<\/strong><\/p>\n<p><strong><em>Transportes._<\/em><\/strong><\/p>\n<p>En materia vial, el Seremi Viveros apunt\u00f3 a que la misi\u00f3n del Gobierno ser\u00e1 avanzar fuerte hacia un servicio de transporte regulado y, en lo posible, un per\u00edmetro de exclusi\u00f3n, que fue un compromiso por el que ya se est\u00e1 trabajando con la Seremi de Transportes.<\/p>\n<p><strong><em>Querella._<\/em><\/strong><\/p>\n<p>El Delegado Quezada tambi\u00e9n se refiri\u00f3 a la presentaci\u00f3n de la querella contra la persona que realiz\u00f3 un atentado contra el Presidente Gabriel Boric. Al respecto, confirm\u00f3 que <strong>\u201ceso ya est\u00e1 en el Ministerio P\u00fablico y dejaremos que esa instituci\u00f3n se haga cargo. Estaremos desde la Delegaci\u00f3n Presidencial Regional viendo esto e impulsando su avance\u201d<\/strong>.<\/p>\n<p><strong><em>Alcaldes._<\/em><\/strong><\/p>\n<p>Respecto a la inquietud de los alcaldes de la regi\u00f3n, el Delegado acot\u00f3 que ha tomado contacto con los jefes comunales para informarles sobre los detalles de la gira presidencial.\u00a0 <strong>\u201cEstamos comprometidos con los alcaldes y cualquier situaci\u00f3n que tenga ver con mal entendidos o algo que pueda haber molestado, esperamos que se subsane en el corto plazo\u201d<\/strong>, se\u00f1al\u00f3.<\/p>\n<p>En esta misma l\u00ednea, el Seremi de Gobierno, Fernando Viveros, puntualiz\u00f3 que <strong>\u201cel Presidente se reuni\u00f3 con los alcaldes de Combarbal\u00e1, Monte Patria, Los Vilos, Canela, Coquimbo y La Serena. La descentralizaci\u00f3n no s\u00f3lo se plantea desde Santiago a las regiones, tambi\u00e9n que nosotros nos descentralicemos desde los servicios en los territorios\u201d<\/strong>.<\/p>\n","protected":false},"excerpt":{"rendered":"<p>El Delegado Presidencial Rub\u00e9n Quezada explic\u00f3 que conocer\u00e1 la experiencia de plantas desaladoras en la Regi\u00f3n de Antofagasta, como alternativa para enfrentar la falta de recurso.<\/p>\n","protected":false},"author":2,"featured_media":7182,"comment_status":"open","ping_status":"open","sticky":false,"template":"","format":"standard","meta":{"footnotes":""},"categories":[6],"tags":[],"class_list":["post-7181","post","type-post","status-publish","format-standard","has-post-thumbnail","hentry","category-regionales"],"_links":{"self":[{"href":"https:\/\/www.radiolimari.cl\/index.php?rest_route=\/wp\/v2\/posts\/7181","targetHints":{"allow":["GET"]}}],"collection":[{"href":"https:\/\/www.radiolimari.cl\/index.php?rest_route=\/wp\/v2\/posts"}],"about":[{"href":"https:\/\/www.radiolimari.cl\/index.php?rest_route=\/wp\/v2\/types\/post"}],"author":[{"embeddable":true,"href":"https:\/\/www.radiolimari.cl\/index.php?rest_route=\/wp\/v2\/users\/2"}],"replies":[{"embeddable":true,"href":"https:\/\/www.radiolimari.cl\/index.php?rest_route=%2Fwp%2Fv2%2Fcomments&post=7181"}],"version-history":[{"count":1,"href":"https:\/\/www.radiolimari.cl\/index.php?rest_route=\/wp\/v2\/posts\/7181\/revisions"}],"predecessor-version":[{"id":7183,"href":"https:\/\/www.radiolimari.cl\/index.php?rest_route=\/wp\/v2\/posts\/7181\/revisions\/7183"}],"wp:featuredmedia":[{"embeddable":true,"href":"https:\/\/www.radiolimari.cl\/index.php?rest_route=\/wp\/v2\/media\/7182"}],"wp:attachment":[{"href":"https:\/\/www.radiolimari.cl\/index.php?rest_route=%2Fwp%2Fv2%2Fmedia&parent=7181"}],"wp:term":[{"taxonomy":"category","embeddable":true,"href":"https:\/\/www.radiolimari.cl\/index.php?rest_route=%2Fwp%2Fv2%2Fcategories&post=7181"},{"taxonomy":"post_tag","embeddable":true,"href":"https:\/\/www.radiolimari.cl\/index.php?rest_route=%2Fwp%2Fv2%2Ftags&post=7181"}],"curies":[{"name":"wp","href":"https:\/\/api.w.org\/{rel}","templated":true}]}}