{"id":7157,"date":"2022-04-19T17:32:22","date_gmt":"2022-04-19T17:32:22","guid":{"rendered":"http:\/\/www.radiolimari.cl\/?p=7157"},"modified":"2022-04-19T17:32:22","modified_gmt":"2022-04-19T17:32:22","slug":"declaran-admisible-querella-presentada-por-delegacion-presidencial-provincial-de-limari-por-amenaza-de-balacera-en-recinto-educativo-de-monte-patria","status":"publish","type":"post","link":"https:\/\/www.radiolimari.cl\/?p=7157","title":{"rendered":"Declaran Admisible querella presentada por Delegaci\u00f3n Presidencial Provincial de Limar\u00ed por amenaza de balacera en recinto educativo de Monte Patria"},"content":{"rendered":"<p><a href=\"https:\/\/www.radiolimari.cl\/wp-content\/uploads\/2022\/04\/top-ovalle1.jpg\"><img fetchpriority=\"high\" decoding=\"async\" class=\"alignnone size-medium wp-image-7158\" src=\"https:\/\/www.radiolimari.cl\/wp-content\/uploads\/2022\/04\/top-ovalle1-300x168.jpg\" alt=\"top ovalle\" width=\"300\" height=\"168\" srcset=\"https:\/\/www.radiolimari.cl\/wp-content\/uploads\/2022\/04\/top-ovalle1-300x168.jpg 300w, https:\/\/www.radiolimari.cl\/wp-content\/uploads\/2022\/04\/top-ovalle1-1024x573.jpg 1024w\" sizes=\"(max-width: 300px) 100vw, 300px\" \/><\/a><\/p>\n<p><strong><em>Con esta acci\u00f3n legal el Ministerio P\u00fablico se encuentra investigando graves amenazas realizadas a trav\u00e9s de redes sociales.<\/em><\/strong><!--more--><\/p>\n<p>La Delegaci\u00f3n Presidencial Provincial (DPP) de Limar\u00ed present\u00f3 una querella contra quienes resulten responsables como autores c\u00f3mplices o encubridores por el delito de amenazas no condicionales, tras hechos ocurridos en Monte Patria, donde a trav\u00e9s de una publicaci\u00f3n de Facebook, desconocidos amenazaron con realizar una balacera en la escuela Alejandro Chel\u00e9n Rojas, a inicios del mes de abril del presente a\u00f1o.<\/p>\n<p>La acci\u00f3n legal presentada por la DPP Limar\u00ed\u00a0 ha sido declarada admisible por Juzgado de garant\u00eda de Ovalle y se encuentra en proceso de investigaci\u00f3n por parte del ministerio p\u00fablico para dar con los responsables.<\/p>\n<p>Respecto de esta querella, el Delegado presidencial provincial de Limar\u00ed, Galo Luna Penna, declar\u00f3 \u201cno podemos dejar que estas acciones que\u00a0 generan temor en nuestra provincia y especialmente en nuestra comunidad educativa queden impunes. Estos hechos son graves y como instituci\u00f3n hemos tomado las acciones legales pertinentes de acuerdo a nuestras facultades. Los hechos de violencia que hemos visto en escuelas y colegios del pa\u00eds, que tambi\u00e9n han ocurrido en nuestra provincia, deben ser atendidos de manera integral para evitar que ocurran y para ello hemos establecido instancias de trabajo y coordinaci\u00f3n con los actores involucrados. No obstante, ante hechos tan lamentables como el ocurrido en Monte Patria,\u00a0 debemos ser firmes y utilizar todas las herramientas legales para defender la integridad y seguridad de las familias, as\u00ed como el derecho de los ni\u00f1os y ni\u00f1as a educarse en un ambiente seguro\u201d<\/p>\n<p>&nbsp;<\/p>\n<p>&nbsp;<\/p>\n","protected":false},"excerpt":{"rendered":"<p>Con esta acci\u00f3n legal el Ministerio P\u00fablico se encuentra investigando graves amenazas realizadas a trav\u00e9s de redes sociales.<\/p>\n","protected":false},"author":2,"featured_media":7158,"comment_status":"open","ping_status":"open","sticky":false,"template":"","format":"standard","meta":{"footnotes":""},"categories":[6],"tags":[],"class_list":["post-7157","post","type-post","status-publish","format-standard","has-post-thumbnail","hentry","category-regionales"],"_links":{"self":[{"href":"https:\/\/www.radiolimari.cl\/index.php?rest_route=\/wp\/v2\/posts\/7157","targetHints":{"allow":["GET"]}}],"collection":[{"href":"https:\/\/www.radiolimari.cl\/index.php?rest_route=\/wp\/v2\/posts"}],"about":[{"href":"https:\/\/www.radiolimari.cl\/index.php?rest_route=\/wp\/v2\/types\/post"}],"author":[{"embeddable":true,"href":"https:\/\/www.radiolimari.cl\/index.php?rest_route=\/wp\/v2\/users\/2"}],"replies":[{"embeddable":true,"href":"https:\/\/www.radiolimari.cl\/index.php?rest_route=%2Fwp%2Fv2%2Fcomments&post=7157"}],"version-history":[{"count":1,"href":"https:\/\/www.radiolimari.cl\/index.php?rest_route=\/wp\/v2\/posts\/7157\/revisions"}],"predecessor-version":[{"id":7159,"href":"https:\/\/www.radiolimari.cl\/index.php?rest_route=\/wp\/v2\/posts\/7157\/revisions\/7159"}],"wp:featuredmedia":[{"embeddable":true,"href":"https:\/\/www.radiolimari.cl\/index.php?rest_route=\/wp\/v2\/media\/7158"}],"wp:attachment":[{"href":"https:\/\/www.radiolimari.cl\/index.php?rest_route=%2Fwp%2Fv2%2Fmedia&parent=7157"}],"wp:term":[{"taxonomy":"category","embeddable":true,"href":"https:\/\/www.radiolimari.cl\/index.php?rest_route=%2Fwp%2Fv2%2Fcategories&post=7157"},{"taxonomy":"post_tag","embeddable":true,"href":"https:\/\/www.radiolimari.cl\/index.php?rest_route=%2Fwp%2Fv2%2Ftags&post=7157"}],"curies":[{"name":"wp","href":"https:\/\/api.w.org\/{rel}","templated":true}]}}