{"id":7151,"date":"2022-04-19T16:36:41","date_gmt":"2022-04-19T16:36:41","guid":{"rendered":"http:\/\/www.radiolimari.cl\/?p=7151"},"modified":"2022-04-19T16:36:41","modified_gmt":"2022-04-19T16:36:41","slug":"tribunal-oral-en-lo-penal-de-ovalle-condena-8-anos-de-presidio-a-autor-de-conduccion-en-estado-de-ebriedad-causando-muerte-de-joven-de-rio-hurtado","status":"publish","type":"post","link":"https:\/\/www.radiolimari.cl\/?p=7151","title":{"rendered":"Tribunal Oral en lo penal de Ovalle condena 8 a\u00f1os de presidio a autor de conducci\u00f3n en estado de ebriedad causando muerte de joven de R\u00edo Hurtado"},"content":{"rendered":"<p><a href=\"https:\/\/www.radiolimari.cl\/wp-content\/uploads\/2022\/04\/19.4-top-ovalle.jpg\"><img fetchpriority=\"high\" decoding=\"async\" class=\"alignnone size-medium wp-image-7152\" src=\"https:\/\/www.radiolimari.cl\/wp-content\/uploads\/2022\/04\/19.4-top-ovalle-300x200.jpg\" alt=\"19.4 top ovalle\" width=\"300\" height=\"200\" srcset=\"https:\/\/www.radiolimari.cl\/wp-content\/uploads\/2022\/04\/19.4-top-ovalle-300x200.jpg 300w, https:\/\/www.radiolimari.cl\/wp-content\/uploads\/2022\/04\/19.4-top-ovalle-1024x684.jpg 1024w\" sizes=\"(max-width: 300px) 100vw, 300px\" \/><\/a><\/p>\n<p style=\"text-align: justify;\">El Tribunal conden\u00f3 a Roberto Alejandro Castro Garriga a la pena de 8 a\u00f1os de presidio efectivo en calidad de autor del delito de\u00a0 conducci\u00f3n de veh\u00edculo motorizado en estado de ebriedad con resultado de muerte, lesiones graves, menos graves y da\u00f1os materiales. Il\u00edcito perpetrado en febrero del 2018 en la comuna.<!--more--><\/p>\n<p>En fallo un\u00e1nime (causa rol 15-2020), el tribunal \u2013integrado por los magistrados Claudio Weishaupt Milner (presidente), Ana Karina Hern\u00e1ndez Mu\u00f1oz y Rub\u00e9n Bustos Ortiz (redactor)\u2013 aplic\u00f3, adem\u00e1s, a castro Garriga las accesorias legales de inhabilitaci\u00f3n perpetua para conducir veh\u00edculos de tracci\u00f3n mec\u00e1nica, inhabilitaci\u00f3n absoluta perpetua para cargos y oficios p\u00fablicos y derechos pol\u00edticos y la de inhabilitaci\u00f3n absoluta para profesiones titulares durante el tiempo de la condena, adem\u00e1s de una multa de veinte unidades tributarias mensuales y el pago de las costas de la causa.<\/p>\n<p>Asimismo, se decret\u00f3 el comiso del veh\u00edculo incautado.<\/p>\n<p>El tribunal dio por acreditado, m\u00e1s all\u00e1 de toda duda razonable, que alrededor de las 21:00 horas del 24 de febrero de 2018, Roberto Alejandro Castro Garriga conduc\u00eda su veh\u00edculo Nissan por la Ruta D-43 en direcci\u00f3n La Serena-Ovalle, no atento a las condiciones de tr\u00e1nsito del momento y en estado de ebriedad, con una dosificaci\u00f3n de 0,83 gramos por mil de alcohol en la sangre.<\/p>\n<p>Al llegar a la altura del Kil\u00f3metro 20 adelant\u00f3 a otro veh\u00edculo traspasando el eje central de la calzada, chocando con dos camionetas, una de ellas producto del choque colision\u00f3 al autom\u00f3vil Chevrolet Sail, conducido por la v\u00edctima, Cornelio Orlando Portilla Olivares, quien iba junto a su esposa y dos hijos.<\/p>\n<p>A consecuencia de lo anterior, las v\u00edctimas de los distintos veh\u00edculos involucrados resultaron con lesiones graves y de mediana gravedad, mientras que Cornelio Orlando Portilla Olivares, result\u00f3 fallecido producto de un politraumatismo complicado.<\/p>\n<p>\u201cQue el delito de conducci\u00f3n de veh\u00edculo motorizado en estado de ebriedad es un delito de mera actividad que no exige un resultado independiente a la actividad misma desarrollada, es adem\u00e1s un delito de peligro abstracto en el que por el solo hecho de realizar el actor la acci\u00f3n de conducir en condiciones de intemperancia alcoh\u00f3lica, no solo ha creado y\u00a0 puesto en riesgo la seguridad vial, entendida como el bien jur\u00eddico protegido por el legislador en este delito, sino que tambi\u00e9n finaliz\u00f3 con un resultado de muerte, de lesiones graves, menos graves y da\u00f1os materiales\u201d, indica la sentencia.<\/p>\n<p>Para determinar el quantum de la pena el Tribunal se\u00f1ala que: \u201cEn consecuencia, se ha de tener en consideraci\u00f3n que el Tribunal puede recorrer toda la extensi\u00f3n de la pena, siendo esta una pena divisible compuesta por dos grados y trat\u00e1ndose de un concurso ideal de delitos con resultado m\u00faltiple, rige la regla del inciso final del art\u00edculo 75 del C\u00f3digo Penal, en cuanto en estos casos debe imponerse la pena mayor asignada al delito m\u00e1s grave, quedando en el grado de presidio mayor en su grado m\u00ednimo, ha de ponderarse la extensi\u00f3n del da\u00f1o causado, esto es, el da\u00f1o extra t\u00edpico que va m\u00e1s all\u00e1 del se\u00f1alado por la ley, teniendo en consideraci\u00f3n lo expuesto por la viuda quien no solo producto del accidente debi\u00f3 soportar la muerte de su c\u00f3nyuge, sino las lesiones de sus hijos a consecuencia del accidente\u201d, indica el fallo.<\/p>\n<p>&nbsp;<\/p>\n","protected":false},"excerpt":{"rendered":"<p>El Tribunal conden\u00f3 a Roberto Alejandro Castro Garriga a la pena de 8 a\u00f1os de presidio efectivo en calidad de autor del delito de\u00a0 conducci\u00f3n de veh\u00edculo motorizado en estado de ebriedad con resultado de muerte, lesiones graves, menos graves y da\u00f1os materiales. Il\u00edcito perpetrado en febrero del 2018 en la comuna.<\/p>\n","protected":false},"author":2,"featured_media":7152,"comment_status":"open","ping_status":"open","sticky":false,"template":"","format":"standard","meta":{"footnotes":""},"categories":[5],"tags":[],"class_list":["post-7151","post","type-post","status-publish","format-standard","has-post-thumbnail","hentry","category-actualidad-limarina"],"_links":{"self":[{"href":"https:\/\/www.radiolimari.cl\/index.php?rest_route=\/wp\/v2\/posts\/7151","targetHints":{"allow":["GET"]}}],"collection":[{"href":"https:\/\/www.radiolimari.cl\/index.php?rest_route=\/wp\/v2\/posts"}],"about":[{"href":"https:\/\/www.radiolimari.cl\/index.php?rest_route=\/wp\/v2\/types\/post"}],"author":[{"embeddable":true,"href":"https:\/\/www.radiolimari.cl\/index.php?rest_route=\/wp\/v2\/users\/2"}],"replies":[{"embeddable":true,"href":"https:\/\/www.radiolimari.cl\/index.php?rest_route=%2Fwp%2Fv2%2Fcomments&post=7151"}],"version-history":[{"count":1,"href":"https:\/\/www.radiolimari.cl\/index.php?rest_route=\/wp\/v2\/posts\/7151\/revisions"}],"predecessor-version":[{"id":7153,"href":"https:\/\/www.radiolimari.cl\/index.php?rest_route=\/wp\/v2\/posts\/7151\/revisions\/7153"}],"wp:featuredmedia":[{"embeddable":true,"href":"https:\/\/www.radiolimari.cl\/index.php?rest_route=\/wp\/v2\/media\/7152"}],"wp:attachment":[{"href":"https:\/\/www.radiolimari.cl\/index.php?rest_route=%2Fwp%2Fv2%2Fmedia&parent=7151"}],"wp:term":[{"taxonomy":"category","embeddable":true,"href":"https:\/\/www.radiolimari.cl\/index.php?rest_route=%2Fwp%2Fv2%2Fcategories&post=7151"},{"taxonomy":"post_tag","embeddable":true,"href":"https:\/\/www.radiolimari.cl\/index.php?rest_route=%2Fwp%2Fv2%2Ftags&post=7151"}],"curies":[{"name":"wp","href":"https:\/\/api.w.org\/{rel}","templated":true}]}}