{"id":7140,"date":"2022-04-13T14:10:13","date_gmt":"2022-04-13T14:10:13","guid":{"rendered":"http:\/\/www.radiolimari.cl\/?p=7140"},"modified":"2022-04-13T14:10:13","modified_gmt":"2022-04-13T14:10:13","slug":"en-la-comuna-de-monte-patria-se-realizo-jornada-colaborativa-para-la-proteccion-de-la-salud-frente-a-la-exposicion-a-plaguicidas","status":"publish","type":"post","link":"https:\/\/www.radiolimari.cl\/?p=7140","title":{"rendered":"En la comuna de Monte Patria se realiz\u00f3 jornada colaborativa para la protecci\u00f3n de la salud frente a la exposici\u00f3n a plaguicidas"},"content":{"rendered":"<p><a href=\"https:\/\/www.radiolimari.cl\/wp-content\/uploads\/2022\/04\/134-plaguicidas-1.jpg\"><img fetchpriority=\"high\" decoding=\"async\" class=\"alignnone size-medium wp-image-7141\" src=\"https:\/\/www.radiolimari.cl\/wp-content\/uploads\/2022\/04\/134-plaguicidas-1-300x225.jpg\" alt=\"13,4 plaguicidas 1\" width=\"300\" height=\"225\" srcset=\"https:\/\/www.radiolimari.cl\/wp-content\/uploads\/2022\/04\/134-plaguicidas-1-300x225.jpg 300w, https:\/\/www.radiolimari.cl\/wp-content\/uploads\/2022\/04\/134-plaguicidas-1-1024x768.jpg 1024w\" sizes=\"(max-width: 300px) 100vw, 300px\" \/><\/a><\/p>\n<p>&nbsp;<\/p>\n<p><strong><em>La instancia, organizada por el Comit\u00e9 Ambiental Comunal cont\u00f3 con la participaci\u00f3n de la Seremi de Salud, INIA, UCN y municipio.<\/em><\/strong><!--more--><\/p>\n<p>En la sede social de la localidad de Cha\u00f1aral de Car\u00e9n, en la comuna de Monte Patria, se realiz\u00f3 la primera jornada colaborativa para apoyar la protecci\u00f3n de la salud de las comunidades, frente a la exposici\u00f3n a plaguicidas durante la temporada agr\u00edcola.<\/p>\n<p>La instancia, organizada por el Comit\u00e9 Ambiental Comunal de Monte Patria, permiti\u00f3 conocer un enfoque integral y preventivo ante esta problem\u00e1tica, ya que cont\u00f3 con la participaci\u00f3n de profesionales de la Seremi de Salud, INIA, UCN y municipio a trav\u00e9s del CESFAM de Car\u00e9n, lo que fue valorado por la comunidad.<\/p>\n<p>\u201cMe siento muy conforme de ver, como la voluntad, tanto de la Seremi de Salud, el mismo Servicio de Salud Municipal y todos los otros actores que llegamos hoy d\u00eda, estamos mancomunados en un mismo fin que es proteger la salud. Entonces, personalmente que estoy expuesto a plaguicidas, lo veo con muy buenos ojos y me siento muy conforme, porque ha sido mucho tiempo de tratar el tema y ver que ahora las autoridades se han puesto a disposici\u00f3n es un muy buen precedente para el futuro\u201d, se\u00f1al\u00f3 Anibal Carmona, participante del Comit\u00e9 Ambiental Comunal.<\/p>\n<p>En esa misma l\u00ednea, la Seremi de Salud Paola Salas, se\u00f1al\u00f3 que participar de estar instancias forma parte del compromiso como autoridad sanitaria, por el resguardo de la salud de la poblaci\u00f3n.<\/p>\n<p>\u201cComo parte del compromiso que tiene la Autoridad Sanitaria en el resguardo de la salud de la poblaci\u00f3n, se han desarrollado actividades entre nuestros equipos de Salud Ocupacional y Epidemiolog\u00eda, tratando de conformar una mesa participativa en Monte Patria, d\u00f3nde se est\u00e1 generando la pr\u00e1ctica de la escucha activa de los dirigentes y las comunidades locales, en el tema de plaguicidas\u201d, agreg\u00f3.<\/p>\n<p>Durante el a\u00f1o 2021 la provincia del Limar\u00ed concentro el 57% de los casos de intoxicaci\u00f3n por plaguicidas a nivel regional, por eso el llamado de la Autoridad Sanitaria es a denunciar malas pr\u00e1cticas de este tipo en las Oficinas Comunales de la Seremi de Salud y consultar de inmediato a cualquier centro de salud, si presenta alg\u00fan s\u00edntoma asociado a exposici\u00f3n a este tipo de productos.<\/p>\n<p>&nbsp;<\/p>\n<p>&nbsp;<\/p>\n","protected":false},"excerpt":{"rendered":"<p>&nbsp; La instancia, organizada por el Comit\u00e9 Ambiental Comunal cont\u00f3 con la participaci\u00f3n de la Seremi de Salud, INIA, UCN y municipio.<\/p>\n","protected":false},"author":2,"featured_media":7141,"comment_status":"open","ping_status":"open","sticky":false,"template":"","format":"standard","meta":{"footnotes":""},"categories":[3],"tags":[],"class_list":["post-7140","post","type-post","status-publish","format-standard","has-post-thumbnail","hentry","category-actualidad"],"_links":{"self":[{"href":"https:\/\/www.radiolimari.cl\/index.php?rest_route=\/wp\/v2\/posts\/7140","targetHints":{"allow":["GET"]}}],"collection":[{"href":"https:\/\/www.radiolimari.cl\/index.php?rest_route=\/wp\/v2\/posts"}],"about":[{"href":"https:\/\/www.radiolimari.cl\/index.php?rest_route=\/wp\/v2\/types\/post"}],"author":[{"embeddable":true,"href":"https:\/\/www.radiolimari.cl\/index.php?rest_route=\/wp\/v2\/users\/2"}],"replies":[{"embeddable":true,"href":"https:\/\/www.radiolimari.cl\/index.php?rest_route=%2Fwp%2Fv2%2Fcomments&post=7140"}],"version-history":[{"count":1,"href":"https:\/\/www.radiolimari.cl\/index.php?rest_route=\/wp\/v2\/posts\/7140\/revisions"}],"predecessor-version":[{"id":7142,"href":"https:\/\/www.radiolimari.cl\/index.php?rest_route=\/wp\/v2\/posts\/7140\/revisions\/7142"}],"wp:featuredmedia":[{"embeddable":true,"href":"https:\/\/www.radiolimari.cl\/index.php?rest_route=\/wp\/v2\/media\/7141"}],"wp:attachment":[{"href":"https:\/\/www.radiolimari.cl\/index.php?rest_route=%2Fwp%2Fv2%2Fmedia&parent=7140"}],"wp:term":[{"taxonomy":"category","embeddable":true,"href":"https:\/\/www.radiolimari.cl\/index.php?rest_route=%2Fwp%2Fv2%2Fcategories&post=7140"},{"taxonomy":"post_tag","embeddable":true,"href":"https:\/\/www.radiolimari.cl\/index.php?rest_route=%2Fwp%2Fv2%2Ftags&post=7140"}],"curies":[{"name":"wp","href":"https:\/\/api.w.org\/{rel}","templated":true}]}}