{"id":7132,"date":"2022-04-12T13:28:04","date_gmt":"2022-04-12T13:28:04","guid":{"rendered":"http:\/\/www.radiolimari.cl\/?p=7132"},"modified":"2022-04-12T13:30:26","modified_gmt":"2022-04-12T13:30:26","slug":"fue-condenado-a-12-anos-y-183-dias-a-autor-de-homicidio-de-joven-el-ano-2019","status":"publish","type":"post","link":"https:\/\/www.radiolimari.cl\/?p=7132","title":{"rendered":"Fue condenado a 12 a\u00f1os y 183 d\u00edas a autor de homicidio de joven ocurrido el a\u00f1o 2019 en Ovalle"},"content":{"rendered":"<p><a href=\"https:\/\/www.radiolimari.cl\/wp-content\/uploads\/2022\/04\/top-ovalle.jpg\"><img fetchpriority=\"high\" decoding=\"async\" class=\"alignnone size-medium wp-image-7133\" src=\"https:\/\/www.radiolimari.cl\/wp-content\/uploads\/2022\/04\/top-ovalle-300x168.jpg\" alt=\"top ovalle\" width=\"300\" height=\"168\" srcset=\"https:\/\/www.radiolimari.cl\/wp-content\/uploads\/2022\/04\/top-ovalle-300x168.jpg 300w, https:\/\/www.radiolimari.cl\/wp-content\/uploads\/2022\/04\/top-ovalle-1024x573.jpg 1024w\" sizes=\"(max-width: 300px) 100vw, 300px\" \/><\/a><\/p>\n<p>El Tribunal de Juicio Oral en lo Penal de Ovalle conden\u00f3\u00a0 a A.A.A.G. a la pena efectiva de 12 a\u00f1os y 183 d\u00edas de presidio, en calidad de autor del delito consumado de homicidio simple. Il\u00edcito perpetrado en abril de 2019, en la ciudad de Ovalle.<!--more--><\/p>\n<p>En fallo un\u00e1nime, el tribunal \u2013integrado por los magistrados Rub\u00e9n Bustos Ortiz (presidente), Lilian Tapia Carvajal y Zoila Ter\u00e1n Ar\u00e9valo (redactora)\u2013 aplic\u00f3, adem\u00e1s, a A.A.A.G. las accesorias legales de inhabilitaci\u00f3n absoluta perpetua para cargos, oficios p\u00fablicos y derechos pol\u00edticos y la inhabilitaci\u00f3n absoluta para profesiones titulares mientras dure la condena.<\/p>\n<p>Una vez que el fallo quede ejecutoriado, el tribunal dispuso que se proceda a la toma de muestra biol\u00f3gica del sentenciado para determinar su huella gen\u00e9tica e incorporaci\u00f3n al registro nacional de ADN de condenados.<\/p>\n<p>El tribunal dio por acreditado, m\u00e1s all\u00e1 de toda duda razonable, que aproximadamente a las 20:00 horas del 12 de Abril de 2019, \u201cen circunstancias que la v\u00edctima R.F.J.F.V., de 15 a\u00f1os de edad, se encontraba en la v\u00eda p\u00fablica, en la intersecci\u00f3n de las calles Renato Vergara con calle Hugo Pinto Reyes, Villa Agr\u00edcola, comuna de Ovalle junto a varios amigos m\u00e1s, lleg\u00f3 hasta el lugar A.A.A.G., el que iba acompa\u00f1ado de otro sujeto, y llevando el primero un arma de fuego en sus manos, procedi\u00f3 a disparar al grupo de personas, recibiendo la v\u00edctima R.F.J.F.V., 04 impactos bal\u00edsticos en diferentes partes del cuerpo provoc\u00e1ndole con este hecho heridas consistentes en trauma-toraco-abdominal penetrante de proyectil de arma de fuego, lesiones necesariamente mortales, aun con socorros oportunos y eficaces, que provocaron la muerte\u201d.<\/p>\n<p>\u201cQue, la participaci\u00f3n en los hechos que han sido acreditados, se ha considerado directa e inmediata por parte del acusado A.A.A.G., y conforme al art\u00edculo 15 N\u00b0 1 del C\u00f3digo Penal. Para concluir lo anterior resulta relevante la pericial bal\u00edstica, los testimonios de quienes concurrieron al juicio y la declaraci\u00f3n del acusado, que complementa de manera importante los medios probatorios de cargo, permitiendo concluir m\u00e1s all\u00e1 de toda duda razonable que fue el acusado quien hizo uso del arma de fuego que portaba, dispar\u00f3 y caus\u00f3 la muerte de la v\u00edctima\u201d, consigna el fallo.<\/p>\n<p>En la determinaci\u00f3n del quantum de la pena a imponer al sentenciado, el tribunal: \u201cConsiderando que en la especie concurre una atenuante y ninguna agravante, conforme a lo dispuesto en el art\u00edculo 67 del C\u00f3digo Penal corresponde aplicar la pena en su m\u00ednimum. Luego, dentro del margen posible de aplicar y seg\u00fan lo preceptuado en el art\u00edculo 69 del C\u00f3digo Penal, esto es, que ha de considerarse las atenuantes y agravantes, y, adem\u00e1s, la mayor o menor extensi\u00f3n del mal producido por el delito, en el caso concurre s\u00f3lo una atenuante, y considerando que en el caso la persona fallecida ten\u00eda a la fecha de los hechos solo 15 a\u00f1os de edad, con todo un futuro que se vio truncado por el actuar del imputado, causando da\u00f1o a su familia (\u2026) y tambi\u00e9n teniendo presente que la forma de comisi\u00f3n del delito iba dirigido incluso a una persona diversa seg\u00fan los dichos del acusado, mediante reiterados disparos, que pudieron incluso da\u00f1ar a otros en el lugar, la v\u00eda p\u00fablica a temprana hora en la tarde, mediante actos riesgosos para toda persona que pudo estar o pasar por el lugar merecen un reproche mayor\u201d, concluye.<\/p>\n<p>&nbsp;<\/p>\n","protected":false},"excerpt":{"rendered":"<p>El Tribunal de Juicio Oral en lo Penal de Ovalle conden\u00f3\u00a0 a A.A.A.G. a la pena efectiva de 12 a\u00f1os y 183 d\u00edas de presidio, en calidad de autor del delito consumado de homicidio simple. Il\u00edcito perpetrado en abril de 2019, en la ciudad de Ovalle.<\/p>\n","protected":false},"author":2,"featured_media":7133,"comment_status":"open","ping_status":"open","sticky":false,"template":"","format":"standard","meta":{"footnotes":""},"categories":[5],"tags":[],"class_list":["post-7132","post","type-post","status-publish","format-standard","has-post-thumbnail","hentry","category-actualidad-limarina"],"_links":{"self":[{"href":"https:\/\/www.radiolimari.cl\/index.php?rest_route=\/wp\/v2\/posts\/7132","targetHints":{"allow":["GET"]}}],"collection":[{"href":"https:\/\/www.radiolimari.cl\/index.php?rest_route=\/wp\/v2\/posts"}],"about":[{"href":"https:\/\/www.radiolimari.cl\/index.php?rest_route=\/wp\/v2\/types\/post"}],"author":[{"embeddable":true,"href":"https:\/\/www.radiolimari.cl\/index.php?rest_route=\/wp\/v2\/users\/2"}],"replies":[{"embeddable":true,"href":"https:\/\/www.radiolimari.cl\/index.php?rest_route=%2Fwp%2Fv2%2Fcomments&post=7132"}],"version-history":[{"count":3,"href":"https:\/\/www.radiolimari.cl\/index.php?rest_route=\/wp\/v2\/posts\/7132\/revisions"}],"predecessor-version":[{"id":7136,"href":"https:\/\/www.radiolimari.cl\/index.php?rest_route=\/wp\/v2\/posts\/7132\/revisions\/7136"}],"wp:featuredmedia":[{"embeddable":true,"href":"https:\/\/www.radiolimari.cl\/index.php?rest_route=\/wp\/v2\/media\/7133"}],"wp:attachment":[{"href":"https:\/\/www.radiolimari.cl\/index.php?rest_route=%2Fwp%2Fv2%2Fmedia&parent=7132"}],"wp:term":[{"taxonomy":"category","embeddable":true,"href":"https:\/\/www.radiolimari.cl\/index.php?rest_route=%2Fwp%2Fv2%2Fcategories&post=7132"},{"taxonomy":"post_tag","embeddable":true,"href":"https:\/\/www.radiolimari.cl\/index.php?rest_route=%2Fwp%2Fv2%2Ftags&post=7132"}],"curies":[{"name":"wp","href":"https:\/\/api.w.org\/{rel}","templated":true}]}}