{"id":7110,"date":"2022-04-11T14:56:36","date_gmt":"2022-04-11T14:56:36","guid":{"rendered":"http:\/\/www.radiolimari.cl\/?p=7110"},"modified":"2022-04-11T14:57:50","modified_gmt":"2022-04-11T14:57:50","slug":"en-ovalle-municipio-refuerza-programa-para-prevenir-violencia-escolar","status":"publish","type":"post","link":"https:\/\/www.radiolimari.cl\/?p=7110","title":{"rendered":"En Ovalle Municipio refuerza programa para prevenir violencia escolar"},"content":{"rendered":"<p><a href=\"https:\/\/www.radiolimari.cl\/wp-content\/uploads\/2022\/04\/11.4-Taller-inteligencia-emocional-2.jpg\"><img fetchpriority=\"high\" decoding=\"async\" class=\"alignnone size-medium wp-image-7111\" src=\"https:\/\/www.radiolimari.cl\/wp-content\/uploads\/2022\/04\/11.4-Taller-inteligencia-emocional-2-300x192.jpg\" alt=\"11.4 Taller inteligencia emocional (2)\" width=\"300\" height=\"192\" srcset=\"https:\/\/www.radiolimari.cl\/wp-content\/uploads\/2022\/04\/11.4-Taller-inteligencia-emocional-2-300x192.jpg 300w, https:\/\/www.radiolimari.cl\/wp-content\/uploads\/2022\/04\/11.4-Taller-inteligencia-emocional-2-1024x656.jpg 1024w\" sizes=\"(max-width: 300px) 100vw, 300px\" \/><\/a><\/p>\n<p><strong><em>Se trata de una estrategia educativa para la convivencia escolar, dise\u00f1ada como una medida pr\u00e1ctica para prevenir la violencia y el Bullying, en el que est\u00e1 implicada toda la comunidad educativa y familia de los alumnos.<\/em><\/strong><!--more--><\/p>\n<p>Tras los hechos de violencia registrados en distintos establecimientos educacionales en el pa\u00eds, La Municipalidad de Ovalle a trav\u00e9s del Departamento de Seguridad Ciudadana, reforzar\u00e1 el trabajo de preventivo que se viene realizando desde el 2016 focalizado en la prevenci\u00f3n del Bullying y la violencia escolar. A la fecha se han intervenido m\u00e1s de 10 colegios en la comuna.<\/p>\n<p>El alcalde de Ovalle Claudio Renter\u00eda, destac\u00f3 que trabajo que realiza el equipo de profesionales \u201cen el a\u00f1o 2016 implementamos esta iniciativa como piloto en nuestra comuna y a nivel nacional, con recursos de la Subsecretar\u00eda de Prevenci\u00f3n del Delito, para abordar el fen\u00f3meno de la violencia en los establecimientos educacionales de mayor vulnerabilidad, debido al gran trabajo en el a\u00f1o 2019 junto al Concejo Municipal\u00a0 decidimos asumir el costo del programa, para instaurarlo como parte de las pol\u00edticas en tem\u00e1ticas de Violencia Escolar permanente\u201d.<\/p>\n<p>En este sentido, La Directora de Seguridad P\u00fablica, Hortensia Flores se\u00f1al\u00f3 que \u201cdebido a toda la contingencia queremos fortalecer este proyecto y crear conciencia, sobre todo en los j\u00f3venes y tambi\u00e9n en sus entornos familiares, de la importancia de detectar cualquier acto que signifique violencia, tanto familiar como escolar, para prevenir, ense\u00f1ar y educar, evitando todas estas situaciones\u201d.<\/p>\n<p>Agrego que \u201cel\u00a0 proyecto busca tomar medidas de mediano a largo plazo, m\u00e1s all\u00e1 de los casos de bullying medi\u00e1ticos de los que hay que hacerse cargo, con \u00e9nfasis en la prevenci\u00f3n y anticipaci\u00f3n a los hechos de violencia, contamos con todos los canales y redes de apoyo del municipio y otras instituciones p\u00fablicas\u201d.<\/p>\n<p>Actualmente, la iniciativa se encuentra apoyando los establecimientos; Escuela El Guindo, Liceo Polit\u00e9cnico de Ovalle y Escuela Elvira Ochoa Avil\u00e9s. Se cuenta con un equipo multidisciplinario, que est\u00e1 compuesto por; Psic\u00f3logo, Asistente Social, Soci\u00f3logo e Instructora de yoga, favoreciendo la intervenci\u00f3n psico-socio-emocional, de la comunidad educativa, de una manera integral.<\/p>\n<p><strong>\u00a0<\/strong><\/p>\n<p><strong>Detalles de la intervenci\u00f3n<\/strong><\/p>\n<p>Este programa en la comuna de Ovalle \u00a0aborda las problem\u00e1ticas de la violencia escolar a trav\u00e9s de su metodolog\u00eda de trabajo socio-ecol\u00f3gica en la que se considera el fen\u00f3meno de la violencia escolar como un complejo intercambio social entre las familias, los docentes, los estudiantes y la comunidad, siendo todos actores relevante a la hora de abordar la tem\u00e1tica de violencia escolar.<\/p>\n<p>Este trabajo se realiza de manera articulada con las redes de apoyo ya sea, Tribunal de Familia, Fiscal\u00eda, Carabinero de Chile, Red Sename, Centro Sayen, Habilidades para la Vida, entre otras. Para generar una pronta atenci\u00f3n a la vulneraci\u00f3n presente en la comunidad educativa.<\/p>\n<p>Es importante se\u00f1alar, que en el tiempo de pandemia el programa apoy\u00f3 a sus establecimientos educacionales, generando acercamiento con los alumnos que no ten\u00edan la posibilidad de conectarse a sus clases remotas, a trav\u00e9s de la entrega de material pedag\u00f3gico en sus domicilios, apoyo y contenci\u00f3n emocional que se ha mantenido hasta el retorno a clases presenciales.<\/p>\n<p>&nbsp;<\/p>\n<p>&nbsp;<\/p>\n","protected":false},"excerpt":{"rendered":"<p>Se trata de una estrategia educativa para la convivencia escolar, dise\u00f1ada como una medida pr\u00e1ctica para prevenir la violencia y el Bullying, en el que est\u00e1 implicada toda la comunidad educativa y familia de los alumnos.<\/p>\n","protected":false},"author":2,"featured_media":7111,"comment_status":"open","ping_status":"open","sticky":false,"template":"","format":"standard","meta":{"footnotes":""},"categories":[5],"tags":[],"class_list":["post-7110","post","type-post","status-publish","format-standard","has-post-thumbnail","hentry","category-actualidad-limarina"],"_links":{"self":[{"href":"https:\/\/www.radiolimari.cl\/index.php?rest_route=\/wp\/v2\/posts\/7110","targetHints":{"allow":["GET"]}}],"collection":[{"href":"https:\/\/www.radiolimari.cl\/index.php?rest_route=\/wp\/v2\/posts"}],"about":[{"href":"https:\/\/www.radiolimari.cl\/index.php?rest_route=\/wp\/v2\/types\/post"}],"author":[{"embeddable":true,"href":"https:\/\/www.radiolimari.cl\/index.php?rest_route=\/wp\/v2\/users\/2"}],"replies":[{"embeddable":true,"href":"https:\/\/www.radiolimari.cl\/index.php?rest_route=%2Fwp%2Fv2%2Fcomments&post=7110"}],"version-history":[{"count":3,"href":"https:\/\/www.radiolimari.cl\/index.php?rest_route=\/wp\/v2\/posts\/7110\/revisions"}],"predecessor-version":[{"id":7114,"href":"https:\/\/www.radiolimari.cl\/index.php?rest_route=\/wp\/v2\/posts\/7110\/revisions\/7114"}],"wp:featuredmedia":[{"embeddable":true,"href":"https:\/\/www.radiolimari.cl\/index.php?rest_route=\/wp\/v2\/media\/7111"}],"wp:attachment":[{"href":"https:\/\/www.radiolimari.cl\/index.php?rest_route=%2Fwp%2Fv2%2Fmedia&parent=7110"}],"wp:term":[{"taxonomy":"category","embeddable":true,"href":"https:\/\/www.radiolimari.cl\/index.php?rest_route=%2Fwp%2Fv2%2Fcategories&post=7110"},{"taxonomy":"post_tag","embeddable":true,"href":"https:\/\/www.radiolimari.cl\/index.php?rest_route=%2Fwp%2Fv2%2Ftags&post=7110"}],"curies":[{"name":"wp","href":"https:\/\/api.w.org\/{rel}","templated":true}]}}