{"id":7107,"date":"2022-04-11T14:42:10","date_gmt":"2022-04-11T14:42:10","guid":{"rendered":"http:\/\/www.radiolimari.cl\/?p=7107"},"modified":"2022-04-11T14:42:10","modified_gmt":"2022-04-11T14:42:10","slug":"pdi-recupera-25-vehiculos-que-fueron-arrendados-para-venderlos-mediante-estafas","status":"publish","type":"post","link":"https:\/\/www.radiolimari.cl\/?p=7107","title":{"rendered":"PDI recupera 25 veh\u00edculos que fueron arrendados para venderlos mediante estafas."},"content":{"rendered":"<p><a href=\"https:\/\/www.radiolimari.cl\/wp-content\/uploads\/2022\/04\/11.4-PDI-evidencia-camionetta2.png\"><img decoding=\"async\" class=\"alignnone size-medium wp-image-7108\" src=\"https:\/\/www.radiolimari.cl\/wp-content\/uploads\/2022\/04\/11.4-PDI-evidencia-camionetta2-300x162.png\" alt=\"11.4 PDI evidencia camionetta2\" width=\"300\" height=\"162\" srcset=\"https:\/\/www.radiolimari.cl\/wp-content\/uploads\/2022\/04\/11.4-PDI-evidencia-camionetta2-300x162.png 300w, https:\/\/www.radiolimari.cl\/wp-content\/uploads\/2022\/04\/11.4-PDI-evidencia-camionetta2.png 898w\" sizes=\"(max-width: 300px) 100vw, 300px\" \/><\/a><\/p>\n<p>Detectives de la Brigada Investigadora de Delitos Econ\u00f3micos La Serena establecieron que una organizaci\u00f3n delictual arrend\u00f3 diversos veh\u00edculos, para comercializarlos de manera fraudulenta.<!--more--><\/p>\n<p>Una banda criminal se habr\u00eda organizado para cometer una serie de estafas, entre mayo y noviembre del a\u00f1o pasado. Su acci\u00f3n, no s\u00f3lo afect\u00f3 a una empresa dedicada al arriendo de veh\u00edculos de faenas mineras, sino tambi\u00e9n a decenas de v\u00edctimas que compraron camiones, camionetas y maquinaria pesada, mediante el enga\u00f1o.<\/p>\n<p>La investigaci\u00f3n de los detectives establece que esta organizaci\u00f3n delictual cre\u00f3 una empresa \u201cde papel\u201d para poder acreditar su actividad y no levantar sospechas de las reales intenciones de sus representantes y supuestos trabajadores.<\/p>\n<p><strong><em>\u201cEstamos investigando a esta organizaci\u00f3n criminal, que contacta a la empresa de alquiler de veh\u00edculos para cerrar un trato millonario, asegurando tener una serie de compromisos formales con empresas mineras para poder contar con 37 veh\u00edculos que luego los usar\u00edan para comercializarlos, todo de manera fraudulenta\u201d,<\/em><\/strong> se\u00f1al\u00f3 el Subprefecto Carlos Paz, jefe de la Brigada Investigadora de Delitos Econ\u00f3micos La Serena.<\/p>\n<p>Con los veh\u00edculos en su poder, a trav\u00e9s de la red social Facebook, publicaban las fotos para ponerlos a la venta. Una pareja recib\u00eda a los interesados en la Caleta El Toro, de la comuna de Ovalle, as\u00ed les mostraban los modelos y luego, con documentaci\u00f3n adulterada, cerraban la compraventa en una notar\u00eda de Coquimbo.<\/p>\n<p>\u201c<strong><em>Mediante diversas t\u00e9cnicas de an\u00e1lisis criminal e inteligencia policial, detectives de esta unidad especializada, ya recuperaron 25 veh\u00edculos, entre camionetas todo terreno, camiones y maquinaria pesada. Hemos encontrado los veh\u00edculos en Ovalle, Salamanca, La Serena, Coquimbo, Antofagasta, Vallenar y en la zona central del pa\u00eds\u201d,<\/em><\/strong> indic\u00f3 el Subprefecto Paz.<\/p>\n<p>La Brigada de Delitos Econ\u00f3micos La Serena sigue la pista para recuperar el resto de los veh\u00edculos y para dar con el paradero de unos 5 involucrados en esta estafa, ya que se encuentran individualizados. En coordinaci\u00f3n con la fiscal\u00eda de Coquimbo, siguen las diligencias para lograr la detenci\u00f3n de los integrantes de esta banda criminal, que caus\u00f3 un perjuicio econ\u00f3mico a dos grupos de v\u00edctimas, por un monto que supera los 900 millones de pesos.<\/p>\n","protected":false},"excerpt":{"rendered":"<p>Detectives de la Brigada Investigadora de Delitos Econ\u00f3micos La Serena establecieron que una organizaci\u00f3n delictual arrend\u00f3 diversos veh\u00edculos, para comercializarlos de manera fraudulenta.<\/p>\n","protected":false},"author":2,"featured_media":7108,"comment_status":"open","ping_status":"open","sticky":false,"template":"","format":"standard","meta":{"footnotes":""},"categories":[6],"tags":[],"class_list":["post-7107","post","type-post","status-publish","format-standard","has-post-thumbnail","hentry","category-regionales"],"_links":{"self":[{"href":"https:\/\/www.radiolimari.cl\/index.php?rest_route=\/wp\/v2\/posts\/7107","targetHints":{"allow":["GET"]}}],"collection":[{"href":"https:\/\/www.radiolimari.cl\/index.php?rest_route=\/wp\/v2\/posts"}],"about":[{"href":"https:\/\/www.radiolimari.cl\/index.php?rest_route=\/wp\/v2\/types\/post"}],"author":[{"embeddable":true,"href":"https:\/\/www.radiolimari.cl\/index.php?rest_route=\/wp\/v2\/users\/2"}],"replies":[{"embeddable":true,"href":"https:\/\/www.radiolimari.cl\/index.php?rest_route=%2Fwp%2Fv2%2Fcomments&post=7107"}],"version-history":[{"count":1,"href":"https:\/\/www.radiolimari.cl\/index.php?rest_route=\/wp\/v2\/posts\/7107\/revisions"}],"predecessor-version":[{"id":7109,"href":"https:\/\/www.radiolimari.cl\/index.php?rest_route=\/wp\/v2\/posts\/7107\/revisions\/7109"}],"wp:featuredmedia":[{"embeddable":true,"href":"https:\/\/www.radiolimari.cl\/index.php?rest_route=\/wp\/v2\/media\/7108"}],"wp:attachment":[{"href":"https:\/\/www.radiolimari.cl\/index.php?rest_route=%2Fwp%2Fv2%2Fmedia&parent=7107"}],"wp:term":[{"taxonomy":"category","embeddable":true,"href":"https:\/\/www.radiolimari.cl\/index.php?rest_route=%2Fwp%2Fv2%2Fcategories&post=7107"},{"taxonomy":"post_tag","embeddable":true,"href":"https:\/\/www.radiolimari.cl\/index.php?rest_route=%2Fwp%2Fv2%2Ftags&post=7107"}],"curies":[{"name":"wp","href":"https:\/\/api.w.org\/{rel}","templated":true}]}}