{"id":7104,"date":"2022-04-11T14:21:18","date_gmt":"2022-04-11T14:21:18","guid":{"rendered":"http:\/\/www.radiolimari.cl\/?p=7104"},"modified":"2022-04-11T14:21:18","modified_gmt":"2022-04-11T14:21:18","slug":"en-open-plaza-ovalle-seguira-activo-el-vacunatorio-y-toma-de-pcr-totalmente-gratis-durante-el-mes-de-abril","status":"publish","type":"post","link":"https:\/\/www.radiolimari.cl\/?p=7104","title":{"rendered":"En OPEN Plaza Ovalle seguir\u00e1 activo el Vacunatorio y toma de PCR totalmente gratis durante el mes de abril"},"content":{"rendered":"<p><a href=\"https:\/\/www.radiolimari.cl\/wp-content\/uploads\/2022\/04\/open_plaza_ovalle_2.jpg\"><img fetchpriority=\"high\" decoding=\"async\" class=\"alignnone size-medium wp-image-7105\" src=\"https:\/\/www.radiolimari.cl\/wp-content\/uploads\/2022\/04\/open_plaza_ovalle_2-300x229.jpg\" alt=\"open_plaza_ovalle_2\" width=\"300\" height=\"229\" srcset=\"https:\/\/www.radiolimari.cl\/wp-content\/uploads\/2022\/04\/open_plaza_ovalle_2-300x229.jpg 300w, https:\/\/www.radiolimari.cl\/wp-content\/uploads\/2022\/04\/open_plaza_ovalle_2.jpg 532w\" sizes=\"(max-width: 300px) 100vw, 300px\" \/><\/a><\/p>\n<p><strong><em>El servicio ser\u00e1 durante todo el mes de abril, de forma gratuita, tanto para el p\u00fablico como para los trabajadores.<\/em><\/strong><!--more--><\/p>\n<p>Junto a las diversas iniciativas que ha implementado OPEN para que la comunidad se siga cuidando e implementaci\u00f3n de todas las medidas sanitarias exigidas por el Ministerio de Salud, <strong>durante el mes de abril volver\u00e1 a estar activa la toma totalmente gratuita de PCR y su respectivo vacunatorio.<\/strong><\/p>\n<p>Esto significa un esfuerzo por seguir combatiendo el Covid-19 y resguardando la salud y seguridad de la comunidad de Ovalle, continuando con lo realizado durante los meses de enero y febrero.<\/p>\n<p>La iniciativa <strong>tambi\u00e9n estar\u00e1 presente en OPEN La Calera y con toma de test de ant\u00edgenos en OPEN Rancagua<\/strong>, reafirmando el compromiso que el centro comercial tiene en la lucha contra la pandemia.<\/p>\n<p><strong>\u00a0\u00a0Los horarios en que se podr\u00e1 realizar la toma de PCR y las personas puedan asistir a su respectiva vacunaci\u00f3n son: lunes y mi\u00e9rcoles de 9:00 a 18:00 hrs, martes y jueves de 9:00 a 16:00 hrs, y viernes de 9:00 a 15:00 hrs.<\/strong><\/p>\n","protected":false},"excerpt":{"rendered":"<p>El servicio ser\u00e1 durante todo el mes de abril, de forma gratuita, tanto para el p\u00fablico como para los trabajadores.<\/p>\n","protected":false},"author":2,"featured_media":7105,"comment_status":"open","ping_status":"open","sticky":false,"template":"","format":"standard","meta":{"footnotes":""},"categories":[5],"tags":[],"class_list":["post-7104","post","type-post","status-publish","format-standard","has-post-thumbnail","hentry","category-actualidad-limarina"],"_links":{"self":[{"href":"https:\/\/www.radiolimari.cl\/index.php?rest_route=\/wp\/v2\/posts\/7104","targetHints":{"allow":["GET"]}}],"collection":[{"href":"https:\/\/www.radiolimari.cl\/index.php?rest_route=\/wp\/v2\/posts"}],"about":[{"href":"https:\/\/www.radiolimari.cl\/index.php?rest_route=\/wp\/v2\/types\/post"}],"author":[{"embeddable":true,"href":"https:\/\/www.radiolimari.cl\/index.php?rest_route=\/wp\/v2\/users\/2"}],"replies":[{"embeddable":true,"href":"https:\/\/www.radiolimari.cl\/index.php?rest_route=%2Fwp%2Fv2%2Fcomments&post=7104"}],"version-history":[{"count":1,"href":"https:\/\/www.radiolimari.cl\/index.php?rest_route=\/wp\/v2\/posts\/7104\/revisions"}],"predecessor-version":[{"id":7106,"href":"https:\/\/www.radiolimari.cl\/index.php?rest_route=\/wp\/v2\/posts\/7104\/revisions\/7106"}],"wp:featuredmedia":[{"embeddable":true,"href":"https:\/\/www.radiolimari.cl\/index.php?rest_route=\/wp\/v2\/media\/7105"}],"wp:attachment":[{"href":"https:\/\/www.radiolimari.cl\/index.php?rest_route=%2Fwp%2Fv2%2Fmedia&parent=7104"}],"wp:term":[{"taxonomy":"category","embeddable":true,"href":"https:\/\/www.radiolimari.cl\/index.php?rest_route=%2Fwp%2Fv2%2Fcategories&post=7104"},{"taxonomy":"post_tag","embeddable":true,"href":"https:\/\/www.radiolimari.cl\/index.php?rest_route=%2Fwp%2Fv2%2Ftags&post=7104"}],"curies":[{"name":"wp","href":"https:\/\/api.w.org\/{rel}","templated":true}]}}